{"id":94062,"date":"2025-12-15T17:49:44","date_gmt":"2025-12-15T16:49:44","guid":{"rendered":"https:\/\/jugulajm.net\/?p=94062"},"modified":"2025-12-15T17:51:19","modified_gmt":"2025-12-15T16:51:19","slug":"pd-dergon-zgjedhjen-e-shabanin-ne-gjykaten-kushtetuese","status":"publish","type":"post","link":"https:\/\/jugulajm.net\/?p=94062","title":{"rendered":"PD d\u00ebrgon zgjedhjen e &#8216;Avokatit t\u00eb Popullit&#8217; n\u00eb Gjykat\u00ebn Kushtetuese"},"content":{"rendered":"<p>Partia Demokratike ka vendosur t\u2019i drejtohet Gjykat\u00ebs Kushtetuese p\u00ebr t\u00eb kund\u00ebrshtuar zgjedhjen e Endri Shabanit n\u00eb postin e Avokatit t\u00eb Popullit.<\/p>\n<p>Sipas PD-s\u00eb, procesi \u00ebsht\u00eb i pavlefsh\u00ebm, pasi 35 firmat e deputet\u00ebve q\u00eb mb\u00ebshtet\u00ebn kandidatur\u00ebn e Shabanit jan\u00eb t\u00ebrhequr dy dit\u00eb pas shpalljes zyrtare t\u00eb list\u00ebs s\u00eb kandidat\u00ebve.<\/p>\n<p>Megjithat\u00eb, kjo t\u00ebrheqje nuk u mor parasysh as nga Komisioni i Ligjeve dhe as nga Kuvendi.<\/p>\n<p>Pavar\u00ebsisht kund\u00ebrshtimeve t\u00eb opozit\u00ebs, Endri Shabani u zgjodh Avokat i Popullit me 85 vota pro n\u00eb Kuvend, n\u00eb nj\u00eb seanc\u00eb plenare q\u00eb u bojkotua nga opozita.<\/p>\n","protected":false},"excerpt":{"rendered":"<p>Partia Demokratike ka vendosur t\u2019i drejtohet Gjykat\u00ebs Kushtetuese p\u00ebr t\u00eb kund\u00ebrshtuar zgjedhjen e Endri Shabanit n\u00eb postin e Avokatit t\u00eb Popullit. Sipas PD-s\u00eb, procesi \u00ebsht\u00eb i pavlefsh\u00ebm, pasi 35 firmat e deputet\u00ebve q\u00eb mb\u00ebshtet\u00ebn kandidatur\u00ebn e Shabanit jan\u00eb t\u00ebrhequr dy dit\u00eb pas shpalljes zyrtare t\u00eb list\u00ebs s\u00eb kandidat\u00ebve. Megjithat\u00eb, kjo t\u00ebrheqje nuk u mor parasysh [&hellip;]<\/p>\n","protected":false},"author":5,"featured_media":93949,"comment_status":"closed","ping_status":"closed","sticky":false,"template":"","format":"standard","meta":{"footnotes":""},"categories":[6326,6332],"tags":[39345],"class_list":{"0":"post-94062","1":"post","2":"type-post","3":"status-publish","4":"format-standard","5":"has-post-thumbnail","7":"category-politike","8":"category-te-fundit","9":"tag-pd-dergon-zgjedhjen-e-avokatit-te-popullit-ne-gjykaten-kushtetuese"},"_links":{"self":[{"href":"https:\/\/jugulajm.net\/index.php?rest_route=\/wp\/v2\/posts\/94062","targetHints":{"allow":["GET"]}}],"collection":[{"href":"https:\/\/jugulajm.net\/index.php?rest_route=\/wp\/v2\/posts"}],"about":[{"href":"https:\/\/jugulajm.net\/index.php?rest_route=\/wp\/v2\/types\/post"}],"author":[{"embeddable":true,"href":"https:\/\/jugulajm.net\/index.php?rest_route=\/wp\/v2\/users\/5"}],"replies":[{"embeddable":true,"href":"https:\/\/jugulajm.net\/index.php?rest_route=%2Fwp%2Fv2%2Fcomments&post=94062"}],"version-history":[{"count":2,"href":"https:\/\/jugulajm.net\/index.php?rest_route=\/wp\/v2\/posts\/94062\/revisions"}],"predecessor-version":[{"id":94064,"href":"https:\/\/jugulajm.net\/index.php?rest_route=\/wp\/v2\/posts\/94062\/revisions\/94064"}],"wp:featuredmedia":[{"embeddable":true,"href":"https:\/\/jugulajm.net\/index.php?rest_route=\/wp\/v2\/media\/93949"}],"wp:attachment":[{"href":"https:\/\/jugulajm.net\/index.php?rest_route=%2Fwp%2Fv2%2Fmedia&parent=94062"}],"wp:term":[{"taxonomy":"category","embeddable":true,"href":"https:\/\/jugulajm.net\/index.php?rest_route=%2Fwp%2Fv2%2Fcategories&post=94062"},{"taxonomy":"post_tag","embeddable":true,"href":"https:\/\/jugulajm.net\/index.php?rest_route=%2Fwp%2Fv2%2Ftags&post=94062"}],"curies":[{"name":"wp","href":"https:\/\/api.w.org\/{rel}","templated":true}]}}