{"id":94037,"date":"2025-12-14T18:38:25","date_gmt":"2025-12-14T17:38:25","guid":{"rendered":"https:\/\/jugulajm.net\/?p=94037"},"modified":"2025-12-14T18:38:25","modified_gmt":"2025-12-14T17:38:25","slug":"bashkeshortja-e-shpatit-ben-dedikimin-prekes","status":"publish","type":"post","link":"https:\/\/jugulajm.net\/?p=94037","title":{"rendered":"Bashk\u00ebshortja e Shpatit b\u00ebn dedikimin prek\u00ebs"},"content":{"rendered":"<p>Bashk\u00ebshortja e k\u00ebng\u00ebtarit t\u00eb ndjer\u00eb Shpat Kasapit ka b\u00ebr\u00eb nj\u00eb dedikim prek\u00ebs, pak dit\u00eb pasi ky i fundit nd\u00ebrroi jet\u00eb n\u00eb Itali, aty ku thuhej se kishte shkuar p\u00ebr t\u00eb kuruar djalin.<\/p>\n<p>P\u00ebrmes nj\u00eb fotoje t\u00eb ndar\u00eb ne rrjete sociale, Selvije Jao tregon nj\u00eb bilet\u00eb q\u00eb duket se \u00ebsht\u00eb nisur p\u00ebr n\u00eb Itali, bashk\u00eb me djalin e saj nd\u00ebrsa shkruan se do donte t\u00eb kishte n\u00eb dor\u00eb edhe bilet\u00ebn e Shpat Kasapit.<\/p>\n<p><em>\u201cSa do doja m\u00eb shum\u00eb se gjith\u00e7ka t\u00eb kisha edhe bilet\u00ebn t\u00ebnde n\u00eb dor\u00eb\u201d,\u00a0<\/em>shkruan Jao krahas fotos.<\/p>\n<p><img loading=\"lazy\" loading=\"lazy\" decoding=\"async\" class=\"alignnone size-full wp-image-1636160\" src=\"https:\/\/boldnews.al\/wp-content\/uploads\/2025\/12\/ssssss.webp\" alt=\"\" width=\"294\" height=\"374\" data-pin-no-hover=\"true\" \/><\/p>\n","protected":false},"excerpt":{"rendered":"<p>Bashk\u00ebshortja e k\u00ebng\u00ebtarit t\u00eb ndjer\u00eb Shpat Kasapit ka b\u00ebr\u00eb nj\u00eb dedikim prek\u00ebs, pak dit\u00eb pasi ky i fundit nd\u00ebrroi jet\u00eb n\u00eb Itali, aty ku thuhej se kishte shkuar p\u00ebr t\u00eb kuruar djalin. P\u00ebrmes nj\u00eb fotoje t\u00eb ndar\u00eb ne rrjete sociale, Selvije Jao tregon nj\u00eb bilet\u00eb q\u00eb duket se \u00ebsht\u00eb nisur p\u00ebr n\u00eb Itali, bashk\u00eb me [&hellip;]<\/p>\n","protected":false},"author":5,"featured_media":93524,"comment_status":"closed","ping_status":"closed","sticky":false,"template":"","format":"standard","meta":{"footnotes":""},"categories":[1,6332],"tags":[39331],"class_list":{"0":"post-94037","1":"post","2":"type-post","3":"status-publish","4":"format-standard","5":"has-post-thumbnail","7":"category-aktualitet","8":"category-te-fundit","9":"tag-bashkeshortja-e-shpatit-ben-dedikimin-prekes"},"_links":{"self":[{"href":"https:\/\/jugulajm.net\/index.php?rest_route=\/wp\/v2\/posts\/94037","targetHints":{"allow":["GET"]}}],"collection":[{"href":"https:\/\/jugulajm.net\/index.php?rest_route=\/wp\/v2\/posts"}],"about":[{"href":"https:\/\/jugulajm.net\/index.php?rest_route=\/wp\/v2\/types\/post"}],"author":[{"embeddable":true,"href":"https:\/\/jugulajm.net\/index.php?rest_route=\/wp\/v2\/users\/5"}],"replies":[{"embeddable":true,"href":"https:\/\/jugulajm.net\/index.php?rest_route=%2Fwp%2Fv2%2Fcomments&post=94037"}],"version-history":[{"count":1,"href":"https:\/\/jugulajm.net\/index.php?rest_route=\/wp\/v2\/posts\/94037\/revisions"}],"predecessor-version":[{"id":94038,"href":"https:\/\/jugulajm.net\/index.php?rest_route=\/wp\/v2\/posts\/94037\/revisions\/94038"}],"wp:featuredmedia":[{"embeddable":true,"href":"https:\/\/jugulajm.net\/index.php?rest_route=\/wp\/v2\/media\/93524"}],"wp:attachment":[{"href":"https:\/\/jugulajm.net\/index.php?rest_route=%2Fwp%2Fv2%2Fmedia&parent=94037"}],"wp:term":[{"taxonomy":"category","embeddable":true,"href":"https:\/\/jugulajm.net\/index.php?rest_route=%2Fwp%2Fv2%2Fcategories&post=94037"},{"taxonomy":"post_tag","embeddable":true,"href":"https:\/\/jugulajm.net\/index.php?rest_route=%2Fwp%2Fv2%2Ftags&post=94037"}],"curies":[{"name":"wp","href":"https:\/\/api.w.org\/{rel}","templated":true}]}}