{"id":94032,"date":"2025-12-14T13:23:03","date_gmt":"2025-12-14T12:23:03","guid":{"rendered":"https:\/\/jugulajm.net\/?p=94032"},"modified":"2025-12-14T13:23:03","modified_gmt":"2025-12-14T12:23:03","slug":"berisha-akuzon-ramen-per-carmatosjen-e-agjenteve-te-bkh-ne-kryeministri","status":"publish","type":"post","link":"https:\/\/jugulajm.net\/?p=94032","title":{"rendered":"Berisha akuzon Ram\u00ebn p\u00ebr \u00e7armatosjen e agjent\u00ebve t\u00eb BKH n\u00eb Kryeministri"},"content":{"rendered":"<p>Sali Berisha, lideri opozitar, ka zhvilluar nj\u00eb diskutim me ndjek\u00ebsit e tij n\u00eb rrjetet sociale, duke iu p\u00ebrgjigjur pyetjeve t\u00eb ndryshme. N\u00eb bised\u00ebn e tij, ai ka akuzuar Kryeministrin Edi Rama se e ka penguar Fark\u00ebn e BKH-s\u00eb (Buroja Komb\u00ebtare e Hetimeve) t\u00eb hynte n\u00eb Kryeministri t\u00eb armatosur, duke sugjeruar se Rama frik\u00ebsohet nga mund\u00ebsia e nj\u00eb urdh\u00ebri-arresti.<\/p>\n<p>Berisha ka theksuar se pas nj\u00eb p\u00ebrpjekjeje t\u00eb par\u00eb p\u00ebr t\u00eb hyr\u00eb, agjent\u00ebt e BKH-s\u00eb ishin t\u00eb detyruar t\u00eb linin arm\u00ebt jasht\u00eb, pasi Rama kishte k\u00ebrkuar q\u00eb ata t\u00eb ishin t\u00eb \u00e7armatosur. Sipas tij, kjo ndodhi p\u00ebr shkak t\u00eb fobive t\u00eb Kryeministrit, i cili dyshon se k\u00ebta agjent\u00eb mund t\u00eb sillnin pasoja t\u00eb r\u00ebnda p\u00ebr t\u00eb.<\/p>\n<p>Berisha gjithashtu ka p\u00ebrmendur se Rama ka treguar nj\u00eb q\u00ebndrim t\u00eb \u00e7uditsh\u00ebm gjat\u00eb k\u00ebsaj situate, duke e cil\u00ebsuar k\u00ebt\u00eb si nj\u00eb shenj\u00eb t\u00eb frik\u00ebs s\u00eb tij nga veprime ligjore q\u00eb mund t\u00eb ndodhnin p\u00ebr shkak t\u00eb veprimeve t\u00eb tij t\u00eb kaluara. \u201cK\u00ebto jan\u00eb fobit\u00eb e Edi Ram\u00ebs,\u201d tha ai, duke p\u00ebrforcuar mendimin se Kryeministri po vepron n\u00eb m\u00ebnyr\u00eb t\u00eb treguar nga paniku.<\/p>\n<p>Kjo diskutim zhvillohet n\u00eb nj\u00eb kontekst politik tensionuar, ku akuza dhe kund\u00ebrakuza jan\u00eb t\u00eb zakonshme. Berisha, p\u00ebrmes k\u00ebtij postimi, synon t\u00eb d\u00ebrgoj\u00eb nj\u00eb mesazh se frika dhe pasiguria po udh\u00ebheqin veprimet e Kryeministrit, nj\u00eb strategji q\u00eb duket se e p\u00ebrdor p\u00ebr t\u00eb mbajtur larg v\u00ebmendjes nga sfidat e tjera q\u00eb ndodhen n\u00eb vend.<\/p>\n<p>N\u00eb fund, biseda e Berish\u00ebs n\u00eb rrjetet sociale ilustron tensionet e vazhdueshme politike n\u00eb Shqip\u00ebri, duke e vendosur at\u00eb si nj\u00eb figur\u00eb qendrore n\u00eb kritik\u00ebn e tij ndaj qeverisjes aktuale.<\/p>\n","protected":false},"excerpt":{"rendered":"<p>Sali Berisha, lideri opozitar, ka zhvilluar nj\u00eb diskutim me ndjek\u00ebsit e tij n\u00eb rrjetet sociale, duke iu p\u00ebrgjigjur pyetjeve t\u00eb ndryshme. N\u00eb bised\u00ebn e tij, ai ka akuzuar Kryeministrin Edi Rama se e ka penguar Fark\u00ebn e BKH-s\u00eb (Buroja Komb\u00ebtare e Hetimeve) t\u00eb hynte n\u00eb Kryeministri t\u00eb armatosur, duke sugjeruar se Rama frik\u00ebsohet nga mund\u00ebsia [&hellip;]<\/p>\n","protected":false},"author":5,"featured_media":43191,"comment_status":"closed","ping_status":"closed","sticky":false,"template":"","format":"standard","meta":{"footnotes":""},"categories":[6326,6332,29228],"tags":[39328,22446],"class_list":{"0":"post-94032","1":"post","2":"type-post","3":"status-publish","4":"format-standard","5":"has-post-thumbnail","7":"category-politike","8":"category-te-fundit","9":"category-vendi","10":"tag-berisha-akuzon-ramen-per-carmatosjen-e-agjenteve-te-bkh-ne-kryeministri","11":"tag-sali-berisha"},"_links":{"self":[{"href":"https:\/\/jugulajm.net\/index.php?rest_route=\/wp\/v2\/posts\/94032","targetHints":{"allow":["GET"]}}],"collection":[{"href":"https:\/\/jugulajm.net\/index.php?rest_route=\/wp\/v2\/posts"}],"about":[{"href":"https:\/\/jugulajm.net\/index.php?rest_route=\/wp\/v2\/types\/post"}],"author":[{"embeddable":true,"href":"https:\/\/jugulajm.net\/index.php?rest_route=\/wp\/v2\/users\/5"}],"replies":[{"embeddable":true,"href":"https:\/\/jugulajm.net\/index.php?rest_route=%2Fwp%2Fv2%2Fcomments&post=94032"}],"version-history":[{"count":1,"href":"https:\/\/jugulajm.net\/index.php?rest_route=\/wp\/v2\/posts\/94032\/revisions"}],"predecessor-version":[{"id":94033,"href":"https:\/\/jugulajm.net\/index.php?rest_route=\/wp\/v2\/posts\/94032\/revisions\/94033"}],"wp:featuredmedia":[{"embeddable":true,"href":"https:\/\/jugulajm.net\/index.php?rest_route=\/wp\/v2\/media\/43191"}],"wp:attachment":[{"href":"https:\/\/jugulajm.net\/index.php?rest_route=%2Fwp%2Fv2%2Fmedia&parent=94032"}],"wp:term":[{"taxonomy":"category","embeddable":true,"href":"https:\/\/jugulajm.net\/index.php?rest_route=%2Fwp%2Fv2%2Fcategories&post=94032"},{"taxonomy":"post_tag","embeddable":true,"href":"https:\/\/jugulajm.net\/index.php?rest_route=%2Fwp%2Fv2%2Ftags&post=94032"}],"curies":[{"name":"wp","href":"https:\/\/api.w.org\/{rel}","templated":true}]}}