{"id":94004,"date":"2025-12-13T14:04:22","date_gmt":"2025-12-13T13:04:22","guid":{"rendered":"https:\/\/jugulajm.net\/?p=94004"},"modified":"2025-12-13T14:04:22","modified_gmt":"2025-12-13T13:04:22","slug":"berisha-proteste-kombetare-ne-22-dhjetor-deri-ne-krijimin-e-qeverise-teknike","status":"publish","type":"post","link":"https:\/\/jugulajm.net\/?p=94004","title":{"rendered":"Berisha: Protest\u00eb komb\u00ebtare n\u00eb 22 dhjetor, deri n\u00eb krijimin e qeveris\u00eb teknike"},"content":{"rendered":"<p>Sali Berisha njoftoi se m\u00eb 22 dhjetor do t\u00eb mbajn\u00eb protest\u00eb komb\u00ebtare.<\/p>\n<p><em>\u201cMarta Kos deklaroi k\u00ebtu se zgjedhjet ishin t\u00eb lira. Problemi \u00ebsht\u00eb se ajo ishte nuk ka spontanitet aty. ata jan\u00eb deklarata t\u00eb paguara. Jan\u00eb t\u00eb paguara. Por, t\u00eb gjitha k\u00ebto \u00e7far\u00eb k\u00ebrkojn\u00eb nga ne. K\u00ebrkojn\u00eb q\u00eb t\u00eb mos filozofojm\u00eb por t\u00eb p\u00ebrqendrojm\u00eb t\u00eb gjith\u00eb forcat tona p\u00ebr t\u00eb larguar nga pushteti k\u00ebt\u00eb pushtet krimi sepse p\u00ebrndryshe zgjedhjet e tjera do t\u2019i ket\u00eb 63% minimumi.\u00a0<\/em><\/p>\n<p><em>Duhet t\u00eb fillojm\u00eb protestat, t\u00eb organizojm\u00eb protesta dhe t\u2019i fillojm\u00eb s\u00eb m\u00eb par\u00eb. por me dat\u00ebn 22 do t\u00eb th\u00ebrrasim protest\u00eb komb\u00ebtare. \u00a0Ata q\u00eb vijn\u00eb jan\u00eb t\u00eb bekuar, t\u00eb tjer\u00eb mund t\u00eb mos vinJ\u00eb po nE nuk do t\u00eb b\u00ebhemi penges\u00eb por nxit\u00ebs t\u00eb protestave q\u00eb t\u00eb krijohet qeveria teknike.\u201d tha Berisha.<\/em><\/p>\n","protected":false},"excerpt":{"rendered":"<p>Sali Berisha njoftoi se m\u00eb 22 dhjetor do t\u00eb mbajn\u00eb protest\u00eb komb\u00ebtare. \u201cMarta Kos deklaroi k\u00ebtu se zgjedhjet ishin t\u00eb lira. Problemi \u00ebsht\u00eb se ajo ishte nuk ka spontanitet aty. ata jan\u00eb deklarata t\u00eb paguara. Jan\u00eb t\u00eb paguara. Por, t\u00eb gjitha k\u00ebto \u00e7far\u00eb k\u00ebrkojn\u00eb nga ne. K\u00ebrkojn\u00eb q\u00eb t\u00eb mos filozofojm\u00eb por t\u00eb p\u00ebrqendrojm\u00eb t\u00eb [&hellip;]<\/p>\n","protected":false},"author":5,"featured_media":87345,"comment_status":"closed","ping_status":"closed","sticky":false,"template":"","format":"standard","meta":{"footnotes":""},"categories":[6326,6332,29228],"tags":[39316,39317],"class_list":{"0":"post-94004","1":"post","2":"type-post","3":"status-publish","4":"format-standard","5":"has-post-thumbnail","7":"category-politike","8":"category-te-fundit","9":"category-vendi","10":"tag-berisha-proteste-kombetare-ne-22-dhjetor","11":"tag-deri-ne-krijimin-e-qeverise-teknike"},"_links":{"self":[{"href":"https:\/\/jugulajm.net\/index.php?rest_route=\/wp\/v2\/posts\/94004","targetHints":{"allow":["GET"]}}],"collection":[{"href":"https:\/\/jugulajm.net\/index.php?rest_route=\/wp\/v2\/posts"}],"about":[{"href":"https:\/\/jugulajm.net\/index.php?rest_route=\/wp\/v2\/types\/post"}],"author":[{"embeddable":true,"href":"https:\/\/jugulajm.net\/index.php?rest_route=\/wp\/v2\/users\/5"}],"replies":[{"embeddable":true,"href":"https:\/\/jugulajm.net\/index.php?rest_route=%2Fwp%2Fv2%2Fcomments&post=94004"}],"version-history":[{"count":1,"href":"https:\/\/jugulajm.net\/index.php?rest_route=\/wp\/v2\/posts\/94004\/revisions"}],"predecessor-version":[{"id":94005,"href":"https:\/\/jugulajm.net\/index.php?rest_route=\/wp\/v2\/posts\/94004\/revisions\/94005"}],"wp:featuredmedia":[{"embeddable":true,"href":"https:\/\/jugulajm.net\/index.php?rest_route=\/wp\/v2\/media\/87345"}],"wp:attachment":[{"href":"https:\/\/jugulajm.net\/index.php?rest_route=%2Fwp%2Fv2%2Fmedia&parent=94004"}],"wp:term":[{"taxonomy":"category","embeddable":true,"href":"https:\/\/jugulajm.net\/index.php?rest_route=%2Fwp%2Fv2%2Fcategories&post=94004"},{"taxonomy":"post_tag","embeddable":true,"href":"https:\/\/jugulajm.net\/index.php?rest_route=%2Fwp%2Fv2%2Ftags&post=94004"}],"curies":[{"name":"wp","href":"https:\/\/api.w.org\/{rel}","templated":true}]}}