{"id":93887,"date":"2025-12-10T09:40:54","date_gmt":"2025-12-10T08:40:54","guid":{"rendered":"https:\/\/jugulajm.net\/?p=93887"},"modified":"2025-12-10T09:40:54","modified_gmt":"2025-12-10T08:40:54","slug":"17-vjecari-konfliktohet-me-12-vjecarin-pamjet-i-publikon-ne-rrjete-sociale","status":"publish","type":"post","link":"https:\/\/jugulajm.net\/?p=93887","title":{"rendered":"17-vje\u00e7ari konfliktohet me 12-vje\u00e7arin, pamjet i publikon n\u00eb rrjete sociale"},"content":{"rendered":"<p>Nj\u00eb sherr mes t\u00eb miturve \u00ebsht\u00eb regjistruar, ku nj\u00eb 17 vje\u00e7ar \u00ebsht\u00eb konfliktuar me nj\u00eb 12 vje\u00e7ar n\u00eb Dimal.<\/p>\n<p>Adoleshenti pamjet e sherrit i ka publikuar n\u00eb rrjete sociale me q\u00ebllim denigrimin e 12 vje\u00e7arit. P\u00ebr pasoj\u00eb, policia ka nisur procedimin penal n\u00eb gjendje t\u00eb lir\u00eb p\u00ebr 17 vje\u00e7arin.<\/p>\n<p>Materialet procedurale iu referuan Prokuroris\u00eb s\u00eb Beratit, p\u00ebr veprime t\u00eb m\u00ebtejshme. Nd\u00ebrsa \u00ebsht\u00eb shqet\u00ebsuese rritja e fenomenit t\u00eb dhun\u00ebs tek t\u00eb miturit tek t\u00eb cil\u00ebt gjuha e urrejtjes \u00ebsht\u00eb p\u00ebrhapur n\u00eb mas\u00eb t\u00eb gjer\u00eb p\u00ebr shkak edhe t\u00eb rrjeteve sociale. P\u00ebr shkak t\u00eb sherreve n\u00eb rrjete sociale, brenda nj\u00eb viti n\u00eb vendin ton\u00eb, 3 t\u00eb mituri jan\u00eb vrar\u00eb me thik\u00eb nga bashk\u00ebmoshatar\u00ebt e tyre.<\/p>\n","protected":false},"excerpt":{"rendered":"<p>Nj\u00eb sherr mes t\u00eb miturve \u00ebsht\u00eb regjistruar, ku nj\u00eb 17 vje\u00e7ar \u00ebsht\u00eb konfliktuar me nj\u00eb 12 vje\u00e7ar n\u00eb Dimal. Adoleshenti pamjet e sherrit i ka publikuar n\u00eb rrjete sociale me q\u00ebllim denigrimin e 12 vje\u00e7arit. P\u00ebr pasoj\u00eb, policia ka nisur procedimin penal n\u00eb gjendje t\u00eb lir\u00eb p\u00ebr 17 vje\u00e7arin. Materialet procedurale iu referuan Prokuroris\u00eb s\u00eb [&hellip;]<\/p>\n","protected":false},"author":5,"featured_media":72424,"comment_status":"closed","ping_status":"closed","sticky":false,"template":"","format":"standard","meta":{"footnotes":""},"categories":[1,6332,29228],"tags":[39266,39267],"class_list":{"0":"post-93887","1":"post","2":"type-post","3":"status-publish","4":"format-standard","5":"has-post-thumbnail","7":"category-aktualitet","8":"category-te-fundit","9":"category-vendi","10":"tag-17-vjecari-konfliktohet-me-12-vjecarin","11":"tag-pamjet-i-publikon-ne-rrjete-sociale"},"_links":{"self":[{"href":"https:\/\/jugulajm.net\/index.php?rest_route=\/wp\/v2\/posts\/93887","targetHints":{"allow":["GET"]}}],"collection":[{"href":"https:\/\/jugulajm.net\/index.php?rest_route=\/wp\/v2\/posts"}],"about":[{"href":"https:\/\/jugulajm.net\/index.php?rest_route=\/wp\/v2\/types\/post"}],"author":[{"embeddable":true,"href":"https:\/\/jugulajm.net\/index.php?rest_route=\/wp\/v2\/users\/5"}],"replies":[{"embeddable":true,"href":"https:\/\/jugulajm.net\/index.php?rest_route=%2Fwp%2Fv2%2Fcomments&post=93887"}],"version-history":[{"count":1,"href":"https:\/\/jugulajm.net\/index.php?rest_route=\/wp\/v2\/posts\/93887\/revisions"}],"predecessor-version":[{"id":93888,"href":"https:\/\/jugulajm.net\/index.php?rest_route=\/wp\/v2\/posts\/93887\/revisions\/93888"}],"wp:featuredmedia":[{"embeddable":true,"href":"https:\/\/jugulajm.net\/index.php?rest_route=\/wp\/v2\/media\/72424"}],"wp:attachment":[{"href":"https:\/\/jugulajm.net\/index.php?rest_route=%2Fwp%2Fv2%2Fmedia&parent=93887"}],"wp:term":[{"taxonomy":"category","embeddable":true,"href":"https:\/\/jugulajm.net\/index.php?rest_route=%2Fwp%2Fv2%2Fcategories&post=93887"},{"taxonomy":"post_tag","embeddable":true,"href":"https:\/\/jugulajm.net\/index.php?rest_route=%2Fwp%2Fv2%2Ftags&post=93887"}],"curies":[{"name":"wp","href":"https:\/\/api.w.org\/{rel}","templated":true}]}}