{"id":93872,"date":"2025-12-09T15:39:26","date_gmt":"2025-12-09T14:39:26","guid":{"rendered":"https:\/\/jugulajm.net\/?p=93872"},"modified":"2025-12-09T15:39:26","modified_gmt":"2025-12-09T14:39:26","slug":"foto-policia-e-shtetit-vihet-ne-funksion-qendra-operacionale-e-monitorimit-viziv","status":"publish","type":"post","link":"https:\/\/jugulajm.net\/?p=93872","title":{"rendered":"FOTO\/ Policia e Shtetit\/Vihet n\u00eb funksion Qendra Operacionale e Monitorimit Viziv"},"content":{"rendered":"<p>Vihet n\u00eb funksion n\u00eb Policin\u00eb e Shtetit, Qendra Operacionale e Monitorimit Viziv, p\u00ebr ndjekjen e procedimeve penale, investim i mb\u00ebshtetur nga Ambasada e Mbret\u00ebris\u00eb s\u00eb Bashkuar.<\/p>\n<p>Drejtori i P\u00ebrgjithsh\u00ebm i Policis\u00eb s\u00eb Shtetit, Drejtues Madhor Ilir Proda, s\u00eb bashku me Z\u00ebvend\u00ebsdrejtoresh\u00ebn e Drejtoris\u00eb s\u00eb Inteligjenc\u00ebs dhe Operacioneve Nd\u00ebrkomb\u00ebtare n\u00eb Ministrin\u00eb e Brendshme t\u00eb Britanis\u00eb s\u00eb Madhe, znj. Vikki Pullen, vizituan qendr\u00ebn e re t\u00eb monitorimit, e cila tashm\u00eb \u00ebsht\u00eb n\u00eb funksion t\u00eb plot\u00eb.<\/p>\n<p>Gjat\u00eb fjal\u00ebs s\u00eb tij, Drejtori i P\u00ebrgjithsh\u00ebm Proda vler\u00ebsoi bashk\u00ebpunimin nd\u00ebrmjet Policis\u00eb s\u00eb Shtetit dhe partner\u00ebve britanik\u00eb, n\u00eb luft\u00ebn kund\u00ebr krimit t\u00eb organizuar dhe migracionit t\u00eb paligjsh\u00ebm, si dhe shprehu mir\u00ebnjohjen p\u00ebr k\u00ebt\u00eb investim t\u00eb r\u00ebnd\u00ebsish\u00ebm.<\/p>\n<p>Ilir Proda:<br \/>\n\u201cKy \u00ebsht\u00eb nj\u00eb investim me r\u00ebnd\u00ebsi t\u00eb madhe p\u00ebr rritjen e cil\u00ebsis\u00eb s\u00eb ndjekjes s\u00eb procedimeve penale dhe nj\u00eb tregues i besimit t\u00eb nd\u00ebrsjell\u00eb n\u00eb luft\u00ebn kund\u00ebr krimit t\u00eb organizuar.\u201d<\/p>\n<p>Vikki Pullen:<br \/>\n\u201cTeknologjia dhe softueri modern i instaluar n\u00eb k\u00ebt\u00eb qend\u00ebr do t\u00eb forcojn\u00eb aft\u00ebsit\u00eb operative, teknike dhe shkencore t\u00eb Departamentit t\u00eb Policis\u00eb Kriminale n\u00eb Policin\u00eb e Shtetit, n\u00eb ndjekjen dhe finalizimin e procedimeve penale.\u201d<\/p>\n<p>Qendra e re mund\u00ebson:<\/p>\n<p>-mb\u00ebshtetje t\u00eb vazhdueshme me informacion gjat\u00eb operacioneve t\u00eb ve\u00e7anta policore;<br \/>\n-rrritje t\u00eb kapaciteteve zbuluese dhe parandaluese, si dhe sigurimin me cil\u00ebsi t\u00eb lart\u00eb t\u00eb provave shkencore;<br \/>\n-zbatimin e teknikave moderne t\u00eb hetimit, n\u00eb p\u00ebrputhje me zhvillimet bashk\u00ebkohore.<\/p>\n<p>Krahas donacionit n\u00eb pajisje dhe teknologji, u realizua edhe trajnimi i personelit operues.<\/p>\n<p id=\"\"><img loading=\"lazy\" loading=\"lazy\" decoding=\"async\" class=\"alignnone size-medium wp-image-63159\" src=\"https:\/\/asp.gov.al\/wp-content\/uploads\/2025\/12\/WhatsApp-Image-2025-12-09-at-1.47.10-PM-300x169.jpeg\" sizes=\"auto, (max-width: 300px) 100vw, 300px\" srcset=\"https:\/\/asp.gov.al\/wp-content\/uploads\/2025\/12\/WhatsApp-Image-2025-12-09-at-1.47.10-PM-300x169.jpeg 300w, https:\/\/asp.gov.al\/wp-content\/uploads\/2025\/12\/WhatsApp-Image-2025-12-09-at-1.47.10-PM-1024x576.jpeg 1024w, https:\/\/asp.gov.al\/wp-content\/uploads\/2025\/12\/WhatsApp-Image-2025-12-09-at-1.47.10-PM-768x432.jpeg 768w, https:\/\/asp.gov.al\/wp-content\/uploads\/2025\/12\/WhatsApp-Image-2025-12-09-at-1.47.10-PM-1536x864.jpeg 1536w, https:\/\/asp.gov.al\/wp-content\/uploads\/2025\/12\/WhatsApp-Image-2025-12-09-at-1.47.10-PM-715x400.jpeg 715w, https:\/\/asp.gov.al\/wp-content\/uploads\/2025\/12\/WhatsApp-Image-2025-12-09-at-1.47.10-PM.jpeg 1600w\" alt=\"\" width=\"300\" height=\"169\" \/><\/p>\n<p id=\"\"><img loading=\"lazy\" loading=\"lazy\" decoding=\"async\" class=\"alignnone size-medium wp-image-63160\" src=\"https:\/\/asp.gov.al\/wp-content\/uploads\/2025\/12\/WhatsApp-Image-2025-12-09-at-1.47.10-PM-2-300x169.jpeg\" sizes=\"auto, (max-width: 300px) 100vw, 300px\" srcset=\"https:\/\/asp.gov.al\/wp-content\/uploads\/2025\/12\/WhatsApp-Image-2025-12-09-at-1.47.10-PM-2-300x169.jpeg 300w, https:\/\/asp.gov.al\/wp-content\/uploads\/2025\/12\/WhatsApp-Image-2025-12-09-at-1.47.10-PM-2-1024x576.jpeg 1024w, https:\/\/asp.gov.al\/wp-content\/uploads\/2025\/12\/WhatsApp-Image-2025-12-09-at-1.47.10-PM-2-768x432.jpeg 768w, https:\/\/asp.gov.al\/wp-content\/uploads\/2025\/12\/WhatsApp-Image-2025-12-09-at-1.47.10-PM-2-1536x864.jpeg 1536w, https:\/\/asp.gov.al\/wp-content\/uploads\/2025\/12\/WhatsApp-Image-2025-12-09-at-1.47.10-PM-2-715x400.jpeg 715w, https:\/\/asp.gov.al\/wp-content\/uploads\/2025\/12\/WhatsApp-Image-2025-12-09-at-1.47.10-PM-2.jpeg 1600w\" alt=\"\" width=\"300\" height=\"169\" \/><\/p>\n<p id=\"\"><img loading=\"lazy\" loading=\"lazy\" decoding=\"async\" class=\"alignnone size-medium wp-image-63161\" src=\"https:\/\/asp.gov.al\/wp-content\/uploads\/2025\/12\/WhatsApp-Image-2025-12-09-at-1.47.10-PM-1-300x169.jpeg\" sizes=\"auto, (max-width: 300px) 100vw, 300px\" srcset=\"https:\/\/asp.gov.al\/wp-content\/uploads\/2025\/12\/WhatsApp-Image-2025-12-09-at-1.47.10-PM-1-300x169.jpeg 300w, https:\/\/asp.gov.al\/wp-content\/uploads\/2025\/12\/WhatsApp-Image-2025-12-09-at-1.47.10-PM-1-1024x576.jpeg 1024w, https:\/\/asp.gov.al\/wp-content\/uploads\/2025\/12\/WhatsApp-Image-2025-12-09-at-1.47.10-PM-1-768x432.jpeg 768w, https:\/\/asp.gov.al\/wp-content\/uploads\/2025\/12\/WhatsApp-Image-2025-12-09-at-1.47.10-PM-1-1536x864.jpeg 1536w, https:\/\/asp.gov.al\/wp-content\/uploads\/2025\/12\/WhatsApp-Image-2025-12-09-at-1.47.10-PM-1-715x400.jpeg 715w, https:\/\/asp.gov.al\/wp-content\/uploads\/2025\/12\/WhatsApp-Image-2025-12-09-at-1.47.10-PM-1.jpeg 1600w\" alt=\"\" width=\"300\" height=\"169\" \/><\/p>\n<p id=\"\"><img loading=\"lazy\" loading=\"lazy\" decoding=\"async\" class=\"alignnone size-medium wp-image-63162\" src=\"https:\/\/asp.gov.al\/wp-content\/uploads\/2025\/12\/WhatsApp-Image-2025-12-09-at-1.47.11-PM-300x169.jpeg\" sizes=\"auto, (max-width: 300px) 100vw, 300px\" srcset=\"https:\/\/asp.gov.al\/wp-content\/uploads\/2025\/12\/WhatsApp-Image-2025-12-09-at-1.47.11-PM-300x169.jpeg 300w, https:\/\/asp.gov.al\/wp-content\/uploads\/2025\/12\/WhatsApp-Image-2025-12-09-at-1.47.11-PM-1024x576.jpeg 1024w, https:\/\/asp.gov.al\/wp-content\/uploads\/2025\/12\/WhatsApp-Image-2025-12-09-at-1.47.11-PM-768x432.jpeg 768w, https:\/\/asp.gov.al\/wp-content\/uploads\/2025\/12\/WhatsApp-Image-2025-12-09-at-1.47.11-PM-1536x864.jpeg 1536w, https:\/\/asp.gov.al\/wp-content\/uploads\/2025\/12\/WhatsApp-Image-2025-12-09-at-1.47.11-PM-715x400.jpeg 715w, https:\/\/asp.gov.al\/wp-content\/uploads\/2025\/12\/WhatsApp-Image-2025-12-09-at-1.47.11-PM.jpeg 1600w\" alt=\"\" width=\"300\" height=\"169\" \/><\/p>\n","protected":false},"excerpt":{"rendered":"<p>Vihet n\u00eb funksion n\u00eb Policin\u00eb e Shtetit, Qendra Operacionale e Monitorimit Viziv, p\u00ebr ndjekjen e procedimeve penale, investim i mb\u00ebshtetur nga Ambasada e Mbret\u00ebris\u00eb s\u00eb Bashkuar. Drejtori i P\u00ebrgjithsh\u00ebm i Policis\u00eb s\u00eb Shtetit, Drejtues Madhor Ilir Proda, s\u00eb bashku me Z\u00ebvend\u00ebsdrejtoresh\u00ebn e Drejtoris\u00eb s\u00eb Inteligjenc\u00ebs dhe Operacioneve Nd\u00ebrkomb\u00ebtare n\u00eb Ministrin\u00eb e Brendshme t\u00eb Britanis\u00eb s\u00eb [&hellip;]<\/p>\n","protected":false},"author":5,"featured_media":93873,"comment_status":"closed","ping_status":"closed","sticky":false,"template":"","format":"standard","meta":{"footnotes":""},"categories":[1,6332,29228],"tags":[39263],"class_list":{"0":"post-93872","1":"post","2":"type-post","3":"status-publish","4":"format-standard","5":"has-post-thumbnail","7":"category-aktualitet","8":"category-te-fundit","9":"category-vendi","10":"tag-policia-e-shtetit-vihet-ne-funksion-qendra-operacionale-e-monitorimit-viziv"},"_links":{"self":[{"href":"https:\/\/jugulajm.net\/index.php?rest_route=\/wp\/v2\/posts\/93872","targetHints":{"allow":["GET"]}}],"collection":[{"href":"https:\/\/jugulajm.net\/index.php?rest_route=\/wp\/v2\/posts"}],"about":[{"href":"https:\/\/jugulajm.net\/index.php?rest_route=\/wp\/v2\/types\/post"}],"author":[{"embeddable":true,"href":"https:\/\/jugulajm.net\/index.php?rest_route=\/wp\/v2\/users\/5"}],"replies":[{"embeddable":true,"href":"https:\/\/jugulajm.net\/index.php?rest_route=%2Fwp%2Fv2%2Fcomments&post=93872"}],"version-history":[{"count":1,"href":"https:\/\/jugulajm.net\/index.php?rest_route=\/wp\/v2\/posts\/93872\/revisions"}],"predecessor-version":[{"id":93874,"href":"https:\/\/jugulajm.net\/index.php?rest_route=\/wp\/v2\/posts\/93872\/revisions\/93874"}],"wp:featuredmedia":[{"embeddable":true,"href":"https:\/\/jugulajm.net\/index.php?rest_route=\/wp\/v2\/media\/93873"}],"wp:attachment":[{"href":"https:\/\/jugulajm.net\/index.php?rest_route=%2Fwp%2Fv2%2Fmedia&parent=93872"}],"wp:term":[{"taxonomy":"category","embeddable":true,"href":"https:\/\/jugulajm.net\/index.php?rest_route=%2Fwp%2Fv2%2Fcategories&post=93872"},{"taxonomy":"post_tag","embeddable":true,"href":"https:\/\/jugulajm.net\/index.php?rest_route=%2Fwp%2Fv2%2Ftags&post=93872"}],"curies":[{"name":"wp","href":"https:\/\/api.w.org\/{rel}","templated":true}]}}