{"id":93869,"date":"2025-12-09T15:03:36","date_gmt":"2025-12-09T14:03:36","guid":{"rendered":"https:\/\/jugulajm.net\/?p=93869"},"modified":"2025-12-09T15:03:36","modified_gmt":"2025-12-09T14:03:36","slug":"drejtues-arjan-dumi-vlere-e-shtuar-e-qytetarise-dhe-kultures-se-permetit","status":"publish","type":"post","link":"https:\/\/jugulajm.net\/?p=93869","title":{"rendered":"Drejtues Arjan Dumi, vler\u00eb e shtuar e qytetaris\u00eb dhe kultur\u00ebs s\u00eb P\u00ebrmetit"},"content":{"rendered":"<p><strong>Nga Fejzo Subashi<\/strong><\/p>\n<p>N\u00eb Shqip\u00ebri, jemi m\u00ebsuar ta masim me sigurin\u00eb, garancin\u00eb, apo me problemet e rendit. Nga shifrat, kronikat, apo lajmet e dit\u00ebs dhe sfidat q\u00eb prodhon kriminaliteti. Por rrall\u00eb mendojm\u00eb p\u00ebr nj\u00eb fakt tjet\u00ebr:<\/p>\n<p>Q\u00eb rendin nuk e mbajn\u00eb vet\u00ebm operacionet, apo aksionet, qofshin k\u00ebto edhe monotone, por edhe njer\u00ebzit q\u00eb drejtojn\u00eb n\u00eb institucionet e policis\u00eb. Bile jan\u00eb ata q\u00eb i japin uniform\u00ebs dinjitet, Shtetit personalitet, komunikimit kultur\u00eb, ligjit vler\u00ebn e tij dhe humaniz\u00ebm e domosdosh\u00ebm.<\/p>\n<p>Prej afro nj\u00eb viti, Komisariatin e P\u00ebrmetit drejton Drejtues Arjan Dumi, nj\u00eb profesionist q\u00eb \u00ebsht\u00eb shum\u00eb m\u00eb tep\u00ebr se thjesht nj\u00eb em\u00ebr, apo em\u00ebrim i zakonsh\u00ebm n\u00eb struktur\u00ebn e Policis\u00eb s\u00eb Shtetit: Ai \u00ebsht\u00eb drejtuesi i par\u00eb Arjan Dumi. Nj\u00eb drejtues i lart\u00eb q\u00eb ka sjell\u00eb n\u00eb k\u00ebt\u00eb qytet jo vet\u00ebm disiplin\u00eb dhe organizim, por mbi t\u00eb gjitha nj\u00eb frym\u00eb pune q\u00eb t\u00eb kujton se rendi \u00ebsht\u00eb sh\u00ebrbim dinjitoz ndaj qytetarit, komunitetit dhe jo thjesht nj\u00eb detyr\u00eb shtet\u00ebrore.<br \/>\nKy \u00ebsht\u00eb nj\u00eb rast q\u00eb t\u00eb b\u00ebn t\u00eb reflektosh. Pse e quajm\u00eb luks? Sepse n\u00eb nj\u00eb qytet t\u00eb qet\u00eb e t\u00eb kulturuar si P\u00ebrmeti dhe nj\u00eb rreth me num\u00ebr t\u00eb vog\u00ebl problemesh t\u00eb rendit, shpesh mendohet se drejtuesi nuk ka \u00e7far\u00eb t\u00eb \u201cp\u00ebrballoj\u00eb\u201d. Por n\u00eb realitet, rendi dhe qet\u00ebsia, apo problemet dhe konfliktet, as nuk mbahen dhe as nuk zgjidhen vetvetiu: Ato mbahen dhe zgjidhen nga drejtues q\u00eb din\u00eb ta ruajn\u00eb, ta kultivojn\u00eb dhe ta respektojn\u00eb k\u00ebt\u00eb rend dhe qet\u00ebsi.<\/p>\n<p>Arjan Dumi ka sjell\u00eb k\u00ebtu jo thjesht p\u00ebrvoj\u00ebn, por standardin: m\u00ebnyr\u00ebn si komunikon me qytetar\u00ebt, si i d\u00ebgjon ata, si trajton efektiv\u00ebt e policis\u00eb, si e vler\u00ebson respektin, korrektes\u00ebn dhe profesionalizmin. Me shum\u00eb bindej dhe sinqeritet them se \u00ebsht\u00eb krijuar nj\u00eb binom midis qytetit dhe funksionimit t\u00eb policis\u00eb n\u00eb k\u00ebt\u00eb qytet dhe rreth. Ku v\u00ebshtir\u00eb ti ndash nga nj\u00ebri tjetrin. N\u00eb nj\u00eb takim t\u00eb shkurt\u00ebr, n\u00eb nj\u00eb kafe t\u00eb zakonshme t\u00eb qytetit, mjafton pak bised\u00eb p\u00ebr t\u00eb kuptuar se cilat jan\u00eb tri shtyllat q\u00eb Kimisar Ariani nuk i negocion m\u00eb ask\u00ebnd n\u00eb pun\u00ebn e tij. Ato jan\u00eb;<br \/>\nprofesionalizmi, qytetaria dhe humanizmi.<br \/>\nK\u00ebto nuk jan\u00eb thjesht\u00eb shprehje, apo fjal\u00eb t\u00eb bukura dhe magjike. Jan\u00eb cil\u00ebsi, norma dhe parime, q\u00eb e b\u00ebjn\u00eb formatin, statur\u00ebn e nj\u00eb polici dhe q\u00ebn\u00ebsin\u00eb polic , si aq m\u00eb pak q\u00eb t\u00eb jet\u00eb polic. Sepse nj\u00eb drejtues i policis\u00eb nuk matet nga sa t\u00ebbfort\u00eb e ka dor\u00ebn, shkopin e gom\u00ebs, apo z\u00ebrin e lart\u00eb, por nga m\u00ebnyra dhe metoda p\u00ebr ti b\u00ebr sa t\u00eb fort; objektivat, detyrat dhe parimet e institucionit q\u00eb drejton. Rezultati i suksesit nuk matet nga sa shum\u00eb i kontrollon dhe detyron vart\u00ebsit apo t\u00eb tjer\u00ebt, por sa shum\u00eb dhe mir\u00eb i frym\u00ebzon ata t\u00eb jen\u00eb t\u00eb drejt\u00eb, t\u00eb aft\u00eb, t\u00eb p\u00ebrkushtuar, t\u00eb mostush\u00ebm dhe t\u00eb besuesh\u00ebm n\u00eb realizimin e detyr\u00ebs dhe kryerjen e sh\u00ebrbimit ndaj\u00eb qytetarit dhe komunitetit.<br \/>\nNj\u00eb polic nuk mund t\u00eb jet\u00eb polic n\u00ebse nuk g\u00ebzon profesionaliz\u00ebm, qyteyari dhe humaniz\u00ebm. Nj\u00eb polic nuk mund t\u2019i sh\u00ebrbej\u00eb ligjit n\u00ebse nuk \u00ebsht\u00eb profesionist, aq m\u00eb pak\u00eb ta kryej mir\u00eb detyr\u00ebn.<br \/>\nNj\u00eb polic q\u00eb nuk ka kultur\u00eb dhe qytetari, nuk mund t\u2019i sh\u00ebrbej\u00eb shoq\u00ebris\u00eb, aq m\u00eb nj\u00eb qytetari , me siguri do b\u00ebhet qesharak n\u00eb nj\u00eb qytet t\u00eb qytet\u00ebruar dhe kulturuar si P\u00ebrmeti.<br \/>\nNj\u00eb polic q\u00eb nuk m\u00ebshiron dhe nuk g\u00ebzon humaniz\u00ebm, nuk mund t\u2019i sh\u00ebrbej\u00eb njeriut, aq m\u00eb pak ati n\u00eb nevoj\u00eb&#8230;<br \/>\nNdaj, duket sikur \u00ebsht\u00eb luks t\u00eb kesh nj\u00eb drejtues, si Arjan Dumi, t\u00eb k\u00ebtij niveli n\u00eb nj\u00eb qytet t\u00eb qet\u00eb, t\u00eb qytet\u00ebruar dhe t\u00eb kulturuar si P\u00ebrmeti. Por ndoshta ky \u00ebsht\u00eb momenti p\u00ebr t\u2019u b\u00ebr\u00eb nj\u00eb pyetje tjet\u00ebr: mos vall\u00eb qet\u00ebsia, siguria dhe kultura e nj\u00eb qyteti pik\u00ebrisht nga k\u00ebta drejtues mbahen?<br \/>\nMos vall\u00eb, p\u00ebr t\u00eb ruajtur tradit\u00ebn e rendit dhe qytetaris\u00eb, ne kemi nevoj\u00eb jo vet\u00ebm p\u00ebr kontroll policor, por p\u00ebr model njer\u00ebzor?<br \/>\nArjan Dumi nuk \u00ebsht\u00eb thjesht nj\u00eb drejtues, apo nj\u00eb em\u00ebr . Ai \u00ebsht\u00eb nj\u00eb shembull, nj\u00eb model. Dhe shembujt nuk vendosen vet\u00ebm aty ku ka probleme, por edhe aty ku ka standarde q\u00eb duhen mbajtur lart. Sepse vendosja e njer\u00ebzve me nivel t\u00eb lart\u00eb n\u00eb zonat e qeta, e sidomos t\u00eb qytet\u00ebruara nuk \u00ebsht\u00eb luks; \u00ebsht\u00eb garanci q\u00eb kjo qet\u00ebsi dhe qytetari t\u00eb mos humbas\u00eb, t\u00eb mos degradoj\u00eb dhe t\u00eb kthehet n\u00eb kultur\u00eb t\u00eb q\u00ebndrueshme.<br \/>\nShpesh mendojm\u00eb se drejtuesit e m\u00ebdhenj duhet d\u00ebrguar atje ku probkematika apo niveli krimi dhe kriminalitetit \u00ebsht\u00eb i madh. Por ndoshta nj\u00eb drejtues me integritet duhet t\u00eb jet\u00eb aty ku rendi ka nevoj\u00eb t\u00eb jet\u00eb shembull, jo t\u00eb b\u00ebj\u00eb thjesht shesh luft\u00eb. Aty ku qytetaria ka tradit\u00eb, dhe jo vet\u00ebm sfida. Aty ku qet\u00ebsia \u00ebsht\u00eb vler\u00eb, dhe jo vet\u00ebm munges\u00eb aksionesh.<br \/>\nN\u00eb fund t\u00eb fundit, standardi nuk d\u00ebrgohet aty ku ka nevoj\u00eb p\u00ebr zjarrfik\u00ebs, por aty ku ka nevoj\u00eb p\u00ebr model. Dhe P\u00ebrmeti sot ka nj\u00eb model t\u00eb till\u00eb: nj\u00eb drejtues q\u00eb e ngre uniform\u00ebn n\u00eb stadin e duhur dhe nuk pret nga uniforma ta ngrej\u00eb at\u00eb. Do doja dhe nuk do doja q\u00eb Arjan Dumi t\u00eb ikte nga P\u00ebrmeti! Nuk do doja q\u00eb ky luks i institucionit t\u00eb policis\u00eb p\u00ebr P\u00ebrmetin t\u00eb z&#8217;venitet &#8230;., Por do doja dhe qejfi ma kishte q\u00eb; statur\u00ebn, kultur\u00ebn dhe profesionalizmin e Arjan Dumit, si nj\u00eb drejtues model dhe i arrir\u00eb t\u00eb merrte p\u00ebrgjegj\u00ebsi, barra n\u00eb institucion e policis\u00eb n\u00eb zona e rrethe problematik. Ku do isha i sigurt se Drejtuesi i par\u00eb Arjan Dumi do u jepte zgjidhje me shum\u00eb kompetenc\u00eb, men\u00e7uri, pa kosto, aq m\u00eb pak q\u00eb t\u00eb p\u00ebrfolet dhe suksese n\u00eb koh\u00eb rekord. Ai kudo do vendoste mardhenie t\u00eb mira n\u00eb binomin polic qytetar. Ai do fitonte kudo besimin dhe dashurin e qytetar\u00ebve, por mbi t\u00eb gjitha do i jepte rendit garanci dhe qytetarit siguri dhe besueshm\u00ebrin\u00eb te policia. Drejtuesi i par\u00eb , shefi i komisariatit t\u00eb P\u00ebrmetit, Arjan Dumi, \u00ebsht\u00eb drejtuesi, polici dhe poilicia q\u00eb duam dhe kemi nevoj\u00eb.<\/p>\n","protected":false},"excerpt":{"rendered":"<p>Nga Fejzo Subashi N\u00eb Shqip\u00ebri, jemi m\u00ebsuar ta masim me sigurin\u00eb, garancin\u00eb, apo me problemet e rendit. Nga shifrat, kronikat, apo lajmet e dit\u00ebs dhe sfidat q\u00eb prodhon kriminaliteti. Por rrall\u00eb mendojm\u00eb p\u00ebr nj\u00eb fakt tjet\u00ebr: Q\u00eb rendin nuk e mbajn\u00eb vet\u00ebm operacionet, apo aksionet, qofshin k\u00ebto edhe monotone, por edhe njer\u00ebzit q\u00eb drejtojn\u00eb n\u00eb [&hellip;]<\/p>\n","protected":false},"author":5,"featured_media":93870,"comment_status":"closed","ping_status":"closed","sticky":false,"template":"","format":"standard","meta":{"footnotes":""},"categories":[34865,6332],"tags":[39261,36132,39262],"class_list":{"0":"post-93869","1":"post","2":"type-post","3":"status-publish","4":"format-standard","5":"has-post-thumbnail","7":"category-analiza","8":"category-te-fundit","9":"tag-drejtues-arjan-dumi","10":"tag-fejzo-subashi","11":"tag-vlere-e-shtuar-e-qytetarise-dhe-kultures-se-permetit"},"_links":{"self":[{"href":"https:\/\/jugulajm.net\/index.php?rest_route=\/wp\/v2\/posts\/93869","targetHints":{"allow":["GET"]}}],"collection":[{"href":"https:\/\/jugulajm.net\/index.php?rest_route=\/wp\/v2\/posts"}],"about":[{"href":"https:\/\/jugulajm.net\/index.php?rest_route=\/wp\/v2\/types\/post"}],"author":[{"embeddable":true,"href":"https:\/\/jugulajm.net\/index.php?rest_route=\/wp\/v2\/users\/5"}],"replies":[{"embeddable":true,"href":"https:\/\/jugulajm.net\/index.php?rest_route=%2Fwp%2Fv2%2Fcomments&post=93869"}],"version-history":[{"count":1,"href":"https:\/\/jugulajm.net\/index.php?rest_route=\/wp\/v2\/posts\/93869\/revisions"}],"predecessor-version":[{"id":93871,"href":"https:\/\/jugulajm.net\/index.php?rest_route=\/wp\/v2\/posts\/93869\/revisions\/93871"}],"wp:featuredmedia":[{"embeddable":true,"href":"https:\/\/jugulajm.net\/index.php?rest_route=\/wp\/v2\/media\/93870"}],"wp:attachment":[{"href":"https:\/\/jugulajm.net\/index.php?rest_route=%2Fwp%2Fv2%2Fmedia&parent=93869"}],"wp:term":[{"taxonomy":"category","embeddable":true,"href":"https:\/\/jugulajm.net\/index.php?rest_route=%2Fwp%2Fv2%2Fcategories&post=93869"},{"taxonomy":"post_tag","embeddable":true,"href":"https:\/\/jugulajm.net\/index.php?rest_route=%2Fwp%2Fv2%2Ftags&post=93869"}],"curies":[{"name":"wp","href":"https:\/\/api.w.org\/{rel}","templated":true}]}}