{"id":93822,"date":"2025-12-07T12:09:05","date_gmt":"2025-12-07T11:09:05","guid":{"rendered":"https:\/\/jugulajm.net\/?p=93822"},"modified":"2025-12-07T12:09:31","modified_gmt":"2025-12-07T11:09:31","slug":"foto-furgoni-policise-perplaset-me-benz-in-dhe-bie-ne-kanal-plagosen-2-police","status":"publish","type":"post","link":"https:\/\/jugulajm.net\/?p=93822","title":{"rendered":"FOTO\/Furgoni i policis\u00eb p\u00ebrplaset me &#8220;Benz-in&#8221; dhe bie n\u00eb kanal, plagosen 2 polic\u00eb"},"content":{"rendered":"<p>Nj\u00eb aksident ka ndodhur mesditen e k\u00ebsaj s\u00eb diele, ku nj\u00eb furgon i Policis\u00eb \u00ebsht\u00eb p\u00ebrplasur me nj\u00eb automjet \u201cMercedes\u201d n\u00eb af\u00ebrsi t\u00eb Cakranit, n\u00eb Fier.<\/p>\n<p>Furgoni ka dal\u00eb nga rruga dhe ka p\u00ebrfunduar n\u00eb kanalin pran\u00eb saj, duke d\u00ebmtuar edhe barrierat mbrojt\u00ebse t\u00eb autostrad\u00ebs.<\/p>\n<p>Dy efektiv\u00eb t\u00eb FNSH-s\u00eb, q\u00eb ndodheshin brenda furgonit, jan\u00eb transportuar me urgjenc\u00eb n\u00eb Spitalin Rajonal t\u00eb Fierit dhe aktualisht marrin trajtim mjek\u00ebsor.<\/p>\n<p>N\u00eb vendngjarje kan\u00eb mb\u00ebrritur sh\u00ebrbimet e Policis\u00eb dhe grupi hetimor, t\u00eb cil\u00ebt po punojn\u00eb p\u00ebr t\u00eb sqaruar shkaqet dhe rrethanat e k\u00ebtij aksidenti.<\/p>\n","protected":false},"excerpt":{"rendered":"<p>Nj\u00eb aksident ka ndodhur mesditen e k\u00ebsaj s\u00eb diele, ku nj\u00eb furgon i Policis\u00eb \u00ebsht\u00eb p\u00ebrplasur me nj\u00eb automjet \u201cMercedes\u201d n\u00eb af\u00ebrsi t\u00eb Cakranit, n\u00eb Fier. Furgoni ka dal\u00eb nga rruga dhe ka p\u00ebrfunduar n\u00eb kanalin pran\u00eb saj, duke d\u00ebmtuar edhe barrierat mbrojt\u00ebse t\u00eb autostrad\u00ebs. Dy efektiv\u00eb t\u00eb FNSH-s\u00eb, q\u00eb ndodheshin brenda furgonit, jan\u00eb transportuar [&hellip;]<\/p>\n","protected":false},"author":5,"featured_media":93824,"comment_status":"closed","ping_status":"closed","sticky":false,"template":"","format":"standard","meta":{"footnotes":""},"categories":[1,6332,29228],"tags":[39236,24381],"class_list":{"0":"post-93822","1":"post","2":"type-post","3":"status-publish","4":"format-standard","5":"has-post-thumbnail","7":"category-aktualitet","8":"category-te-fundit","9":"category-vendi","10":"tag-foto-furgoni-policise-perplaset-me-benz-in-dhe-bie-ne-kanal","11":"tag-plagosen-2-police"},"_links":{"self":[{"href":"https:\/\/jugulajm.net\/index.php?rest_route=\/wp\/v2\/posts\/93822","targetHints":{"allow":["GET"]}}],"collection":[{"href":"https:\/\/jugulajm.net\/index.php?rest_route=\/wp\/v2\/posts"}],"about":[{"href":"https:\/\/jugulajm.net\/index.php?rest_route=\/wp\/v2\/types\/post"}],"author":[{"embeddable":true,"href":"https:\/\/jugulajm.net\/index.php?rest_route=\/wp\/v2\/users\/5"}],"replies":[{"embeddable":true,"href":"https:\/\/jugulajm.net\/index.php?rest_route=%2Fwp%2Fv2%2Fcomments&post=93822"}],"version-history":[{"count":2,"href":"https:\/\/jugulajm.net\/index.php?rest_route=\/wp\/v2\/posts\/93822\/revisions"}],"predecessor-version":[{"id":93826,"href":"https:\/\/jugulajm.net\/index.php?rest_route=\/wp\/v2\/posts\/93822\/revisions\/93826"}],"wp:featuredmedia":[{"embeddable":true,"href":"https:\/\/jugulajm.net\/index.php?rest_route=\/wp\/v2\/media\/93824"}],"wp:attachment":[{"href":"https:\/\/jugulajm.net\/index.php?rest_route=%2Fwp%2Fv2%2Fmedia&parent=93822"}],"wp:term":[{"taxonomy":"category","embeddable":true,"href":"https:\/\/jugulajm.net\/index.php?rest_route=%2Fwp%2Fv2%2Fcategories&post=93822"},{"taxonomy":"post_tag","embeddable":true,"href":"https:\/\/jugulajm.net\/index.php?rest_route=%2Fwp%2Fv2%2Ftags&post=93822"}],"curies":[{"name":"wp","href":"https:\/\/api.w.org\/{rel}","templated":true}]}}