{"id":93807,"date":"2025-12-06T20:07:10","date_gmt":"2025-12-06T19:07:10","guid":{"rendered":"https:\/\/jugulajm.net\/?p=93807"},"modified":"2025-12-06T20:07:43","modified_gmt":"2025-12-06T19:07:43","slug":"greqi-2-vjecari-vdiq-pasi-u-kafshua-nga-qeni-flet-babai-shqiptar-me-pa-dhe","status":"publish","type":"post","link":"https:\/\/jugulajm.net\/?p=93807","title":{"rendered":"Greqi, 2-vje\u00e7ari vdes pasi u kafshua nga qeni, flet babai shqiptar: M\u00eb pa dhe&#8230;"},"content":{"rendered":"<p>Nj\u00eb ngjarje trondit\u00ebse ka ndodhur n\u00eb Zakynthos t\u00eb Greqis\u00eb, ku nj\u00eb f\u00ebmij\u00eb shqiptar vet\u00ebm 2 vje\u00e7 ka humbur jet\u00ebn pasi u sulmua p\u00ebr vdekje nga qeni i familjes, nj\u00eb pitbull.<\/p>\n<p>Sipas mediave greke, ngjarja ka ndodhur n\u00eb fshatin Agios Leontas. Vog\u00eblushi u sulmua brutalisht nga qeni, nd\u00ebrsa ndodhej vet\u00ebm n\u00eb oborrin e sht\u00ebpis\u00eb.<\/p>\n<p>\u201cVajza ime m\u00eb thirri dhe un\u00eb vrapova. Kjo \u00ebsht\u00eb e gjitha q\u00eb mbaj mend\u2026 djali im i vog\u00ebl iku,\u201d rr\u00ebfeu babai i tij p\u00ebr televizionin \u201cAlpha\u201d, me z\u00ebrin q\u00eb i dridhej nga dhimbja.<\/p>\n<p>\u00c7ifti shqiptar kishte dal\u00eb p\u00ebr t\u00eb bler\u00eb disa furnizime dhe, sipas raportimeve, djali i vog\u00ebl u afrua te pema ku ishte lidhur qeni. Kafsha e sulmoi papritur, duke i shkaktuar plag\u00eb t\u00eb r\u00ebnda n\u00eb trup.<\/p>\n<p>\u201cQeni ishte endacak, e mor\u00ebm sepse donim t\u2019i jepnim streh\u00eb\u2026 por ai h\u00ebngri f\u00ebmij\u00ebn tim. M\u00eb pa, m\u00eb buz\u00ebqeshi dhe mbylli syt\u00eb,\u201d tregoi babai mes lot\u00ebsh.<\/p>\n<p>F\u00ebmija u d\u00ebrgua me urgjenc\u00eb n\u00eb Spitalin e P\u00ebrgjithsh\u00ebm t\u00eb Zakynthos, por mjek\u00ebt nuk arrit\u00ebn ta shp\u00ebtonin pavar\u00ebsisht p\u00ebrpjekjeve t\u00eb shumta.<\/p>\n<p>Autoritetet greke kan\u00eb nisur hetimet p\u00ebr ngjarjen e r\u00ebnd\u00eb, nd\u00ebrsa prind\u00ebrit jan\u00eb marr\u00eb n\u00eb pyetje p\u00ebr t\u00eb sqaruar rrethanat e tragjedis\u00eb q\u00eb ka tronditur komunitetin lokal.<\/p>\n","protected":false},"excerpt":{"rendered":"<p>Nj\u00eb ngjarje trondit\u00ebse ka ndodhur n\u00eb Zakynthos t\u00eb Greqis\u00eb, ku nj\u00eb f\u00ebmij\u00eb shqiptar vet\u00ebm 2 vje\u00e7 ka humbur jet\u00ebn pasi u sulmua p\u00ebr vdekje nga qeni i familjes, nj\u00eb pitbull. Sipas mediave greke, ngjarja ka ndodhur n\u00eb fshatin Agios Leontas. Vog\u00eblushi u sulmua brutalisht nga qeni, nd\u00ebrsa ndodhej vet\u00ebm n\u00eb oborrin e sht\u00ebpis\u00eb. \u201cVajza ime [&hellip;]<\/p>\n","protected":false},"author":5,"featured_media":56952,"comment_status":"closed","ping_status":"closed","sticky":false,"template":"","format":"standard","meta":{"footnotes":""},"categories":[1,6332],"tags":[39231,39232,26537],"class_list":{"0":"post-93807","1":"post","2":"type-post","3":"status-publish","4":"format-standard","5":"has-post-thumbnail","7":"category-aktualitet","8":"category-te-fundit","9":"tag-2-vjecari-vdiq-pasi-u-kafshua-nga-qeni","10":"tag-flet-babai-shqiptar-me-pa-dhe","11":"tag-greqi"},"_links":{"self":[{"href":"https:\/\/jugulajm.net\/index.php?rest_route=\/wp\/v2\/posts\/93807","targetHints":{"allow":["GET"]}}],"collection":[{"href":"https:\/\/jugulajm.net\/index.php?rest_route=\/wp\/v2\/posts"}],"about":[{"href":"https:\/\/jugulajm.net\/index.php?rest_route=\/wp\/v2\/types\/post"}],"author":[{"embeddable":true,"href":"https:\/\/jugulajm.net\/index.php?rest_route=\/wp\/v2\/users\/5"}],"replies":[{"embeddable":true,"href":"https:\/\/jugulajm.net\/index.php?rest_route=%2Fwp%2Fv2%2Fcomments&post=93807"}],"version-history":[{"count":2,"href":"https:\/\/jugulajm.net\/index.php?rest_route=\/wp\/v2\/posts\/93807\/revisions"}],"predecessor-version":[{"id":93809,"href":"https:\/\/jugulajm.net\/index.php?rest_route=\/wp\/v2\/posts\/93807\/revisions\/93809"}],"wp:featuredmedia":[{"embeddable":true,"href":"https:\/\/jugulajm.net\/index.php?rest_route=\/wp\/v2\/media\/56952"}],"wp:attachment":[{"href":"https:\/\/jugulajm.net\/index.php?rest_route=%2Fwp%2Fv2%2Fmedia&parent=93807"}],"wp:term":[{"taxonomy":"category","embeddable":true,"href":"https:\/\/jugulajm.net\/index.php?rest_route=%2Fwp%2Fv2%2Fcategories&post=93807"},{"taxonomy":"post_tag","embeddable":true,"href":"https:\/\/jugulajm.net\/index.php?rest_route=%2Fwp%2Fv2%2Ftags&post=93807"}],"curies":[{"name":"wp","href":"https:\/\/api.w.org\/{rel}","templated":true}]}}