{"id":93771,"date":"2025-12-05T11:04:21","date_gmt":"2025-12-05T10:04:21","guid":{"rendered":"https:\/\/jugulajm.net\/?p=93771"},"modified":"2025-12-05T11:15:30","modified_gmt":"2025-12-05T10:15:30","slug":"shqiperia-parashikon-ngritjen-e-20-qendrave-pritese-per-emigrantet-ja-qytetet-ku-vendosen","status":"publish","type":"post","link":"https:\/\/jugulajm.net\/?p=93771","title":{"rendered":"Shqip\u00ebria parashikon ngritjen e 20 qendrave prit\u00ebse p\u00ebr emigrant\u00ebt, ja n\u00eb cilat QYTETE&#8230;"},"content":{"rendered":"<p>P\u00ebr dy vitet e ardhshme, Shqip\u00ebria parashikon ngritjen e 20 qendrave prit\u00ebse p\u00ebr emigrant\u00ebt nga Afganistani, Pakistan, Irani, Siria, Libani dhe Gaza, t\u00eb cil\u00ebt p\u00ebrdorin Shqip\u00ebrin\u00eb dhe Serbin\u00eb si rrug\u00eb kalimi drejt Greqis\u00eb.<\/p>\n<p>Qendrat do t\u00eb vendosen n\u00eb qarkun e Kor\u00e7\u00ebs, Gjirokastr\u00ebs dhe Vlor\u00ebs, me kapacitete q\u00eb variojn\u00eb nga 100 deri n\u00eb 410 shtret\u00ebr. Plani bazohet n\u00eb projektvendimin \u201cP\u00ebr miratimin e Planit Komb\u00ebtar t\u00eb Kontigjenc\u00ebs p\u00ebr flukset e p\u00ebrziera migratore 2026\u20132028\u201d.<\/p>\n<p>Projektvendimi \u00ebsht\u00eb hartuar nga Ministria e Brendshme.<\/p>\n<p>Plani i ri synon shp\u00ebrndarje m\u00eb t\u00eb balancuar n\u00eb territor, duke shfryt\u00ebzuar hap\u00ebsira publike ekzistuese, truall t\u00eb lir\u00eb dhe objekte t\u00eb braktisura, p\u00ebr t\u00eb garantuar reagim t\u00eb shpejt\u00eb n\u00eb rast fluksesh emergjente.<\/p>\n<p>Projektvendimi \u00ebsht\u00eb n\u00eb rendin e dit\u00ebs s\u00eb dat\u00ebs 9 dhjetor t\u00eb k\u00ebshillit konsultativ t\u00eb Agjencis\u00eb p\u00ebr Mb\u00ebshtetjen e Vet\u00ebqeverisjes Vendore q\u00eb \u00ebsht\u00eb n\u00eb var\u00ebsi t\u00eb ministris\u00eb s\u00eb pushtetit vendor.<\/p>\n<p>M\u00eb pas, projektvendimi do t\u00eb kaloj\u00eb n\u00eb K\u00ebshillin e Ministrave dhe faza e fundit do ta jet\u00eb kalimi p\u00ebr miratim n\u00eb parlament.<\/p>\n<p><img loading=\"lazy\" loading=\"lazy\" decoding=\"async\" class=\"alignnone size-medium wp-image-463728\" src=\"http:\/\/stop.tvklan.al\/wp-content\/uploads\/2025\/12\/IMG_9706-177x300.jpeg\" sizes=\"auto, (max-width: 177px) 100vw, 177px\" srcset=\"https:\/\/stop.tvklan.al\/wp-content\/uploads\/2025\/12\/IMG_9706-177x300.jpeg 177w, https:\/\/stop.tvklan.al\/wp-content\/uploads\/2025\/12\/IMG_9706-603x1024.jpeg 603w, https:\/\/stop.tvklan.al\/wp-content\/uploads\/2025\/12\/IMG_9706-768x1304.jpeg 768w, https:\/\/stop.tvklan.al\/wp-content\/uploads\/2025\/12\/IMG_9706-904x1536.jpeg 904w, https:\/\/stop.tvklan.al\/wp-content\/uploads\/2025\/12\/IMG_9706-600x1019.jpeg 600w, https:\/\/stop.tvklan.al\/wp-content\/uploads\/2025\/12\/IMG_9706.jpeg 942w\" alt=\"\" width=\"177\" height=\"300\" \/><\/p>\n","protected":false},"excerpt":{"rendered":"<p>P\u00ebr dy vitet e ardhshme, Shqip\u00ebria parashikon ngritjen e 20 qendrave prit\u00ebse p\u00ebr emigrant\u00ebt nga Afganistani, Pakistan, Irani, Siria, Libani dhe Gaza, t\u00eb cil\u00ebt p\u00ebrdorin Shqip\u00ebrin\u00eb dhe Serbin\u00eb si rrug\u00eb kalimi drejt Greqis\u00eb. Qendrat do t\u00eb vendosen n\u00eb qarkun e Kor\u00e7\u00ebs, Gjirokastr\u00ebs dhe Vlor\u00ebs, me kapacitete q\u00eb variojn\u00eb nga 100 deri n\u00eb 410 shtret\u00ebr. Plani [&hellip;]<\/p>\n","protected":false},"author":5,"featured_media":52288,"comment_status":"closed","ping_status":"closed","sticky":false,"template":"","format":"standard","meta":{"footnotes":""},"categories":[1,6332,29228],"tags":[39210,39209],"class_list":{"0":"post-93771","1":"post","2":"type-post","3":"status-publish","4":"format-standard","5":"has-post-thumbnail","7":"category-aktualitet","8":"category-te-fundit","9":"category-vendi","10":"tag-ja-qytetet-ku-vendosen","11":"tag-shqiperia-parashikon-ngritjen-e-20-qendrave-pritese-per-emigrantet"},"_links":{"self":[{"href":"https:\/\/jugulajm.net\/index.php?rest_route=\/wp\/v2\/posts\/93771","targetHints":{"allow":["GET"]}}],"collection":[{"href":"https:\/\/jugulajm.net\/index.php?rest_route=\/wp\/v2\/posts"}],"about":[{"href":"https:\/\/jugulajm.net\/index.php?rest_route=\/wp\/v2\/types\/post"}],"author":[{"embeddable":true,"href":"https:\/\/jugulajm.net\/index.php?rest_route=\/wp\/v2\/users\/5"}],"replies":[{"embeddable":true,"href":"https:\/\/jugulajm.net\/index.php?rest_route=%2Fwp%2Fv2%2Fcomments&post=93771"}],"version-history":[{"count":2,"href":"https:\/\/jugulajm.net\/index.php?rest_route=\/wp\/v2\/posts\/93771\/revisions"}],"predecessor-version":[{"id":93775,"href":"https:\/\/jugulajm.net\/index.php?rest_route=\/wp\/v2\/posts\/93771\/revisions\/93775"}],"wp:featuredmedia":[{"embeddable":true,"href":"https:\/\/jugulajm.net\/index.php?rest_route=\/wp\/v2\/media\/52288"}],"wp:attachment":[{"href":"https:\/\/jugulajm.net\/index.php?rest_route=%2Fwp%2Fv2%2Fmedia&parent=93771"}],"wp:term":[{"taxonomy":"category","embeddable":true,"href":"https:\/\/jugulajm.net\/index.php?rest_route=%2Fwp%2Fv2%2Fcategories&post=93771"},{"taxonomy":"post_tag","embeddable":true,"href":"https:\/\/jugulajm.net\/index.php?rest_route=%2Fwp%2Fv2%2Ftags&post=93771"}],"curies":[{"name":"wp","href":"https:\/\/api.w.org\/{rel}","templated":true}]}}