{"id":93667,"date":"2025-12-01T18:30:50","date_gmt":"2025-12-01T17:30:50","guid":{"rendered":"https:\/\/jugulajm.net\/?p=93667"},"modified":"2025-12-01T18:30:50","modified_gmt":"2025-12-01T17:30:50","slug":"spanja-pushtohet-nga-ethet-e-derrave-mobilizohet-ushtria-thuhet-se","status":"publish","type":"post","link":"https:\/\/jugulajm.net\/?p=93667","title":{"rendered":"Spanja \u201cpushtohet\u201d nga \u2018ethet e derrave&#8217;, mobilizohet ushtria, thuhet se&#8230;"},"content":{"rendered":"<p>Ushtria spanjolle u urdh\u00ebrua p\u00ebr t\u00eb frenuar nj\u00eb shp\u00ebrthim t\u00eb etheve afrikane t\u00eb derrave pran\u00eb Barcelon\u00ebs, t\u00eb cil\u00ebn zyrtar\u00ebt than\u00eb se mund t\u00eb jet\u00eb shkaktuar nga nj\u00eb derr i eg\u00ebr, ushqim i kontaminuar, si\u00e7 \u00ebsht\u00eb nj\u00eb sandui\u00e7.<\/p>\n<p>K\u00ebshtu u shkaktua nj\u00eb zinxhir ngjarjesh q\u00eb tani po prish nj\u00eb industri eksporti t\u00eb mishit t\u00eb derrit, me vler\u00eb shum\u00eb miliard\u00eb euro.<\/p>\n<p>Spanja konfirmoi t\u00eb premten se dy derra t\u00eb eg\u00ebr t\u00eb gjetur t\u00eb ngordhur n\u00eb parkun Collserola, 21 kilometra larg Barcelon\u00ebs, kishin rezultuar pozitiv\u00eb p\u00ebr s\u00ebmundjen, duke nxitur krijimin e nj\u00eb zone p\u00ebrjashtimi prej 6 kilometrash rreth zon\u00ebs s\u00eb prekur n\u00eb Bellaterra.<\/p>\n<p>Autoritetet tani po analizojn\u00eb raste t\u00eb tjera t\u00eb dyshuara n\u00eb zon\u00eb dhe presin raste t\u00eb tjera.<\/p>\n<p>\u201cMund\u00ebsia m\u00eb e mundshme\u2026 \u00ebsht\u00eb q\u00eb nj\u00eb sandui\u00e7, ushqimi i kontaminuar, mund t\u00eb ken\u00eb p\u00ebrfunduar n\u00eb nj\u00eb kosh plehrash, duhet t\u00eb marrim parasysh se Bellaterra \u00ebsht\u00eb nj\u00eb zon\u00eb me shum\u00eb trafik nga e gjith\u00eb Evropa dhe pastaj nj\u00eb derr i eg\u00ebr mund ta ket\u00eb ngr\u00ebn\u00eb at\u00eb dhe t\u00eb jet\u00eb infektuar\u201d, tha sot Ministri i Bujq\u00ebsis\u00eb Katalanase, Oscar Ordeig, p\u00ebr Catalunya Radio.<\/p>\n<p>Murtaja afrikane e derrave, e cila \u00ebsht\u00eb e pad\u00ebmshme p\u00ebr njer\u00ebzit, po p\u00ebrhapet me shpejt\u00ebsi midis derrave dhe derrave t\u00eb eg\u00ebr, duke paraqitur nj\u00eb rrezik t\u00eb konsideruesh\u00ebm ekonomik p\u00ebr Spanj\u00ebn, nj\u00eb nga eksportuesit m\u00eb t\u00eb m\u00ebdhenj t\u00eb mishit t\u00eb derrit n\u00eb bot\u00eb.<\/p>\n<p>Zona e infektuar \u00ebsht\u00eb af\u00ebr autostrad\u00ebs AP-7, nj\u00eb rrug\u00eb kryesore transporti q\u00eb lidh Spanj\u00ebn dhe Franc\u00ebn. Ordeing tha se mungesa e derrave t\u00eb eg\u00ebr t\u00eb infektuar diku tjet\u00ebr n\u00eb Katalonj\u00eb dhe Franc\u00eb do t\u00eb thot\u00eb se transporti i ushqimit t\u00eb kontaminuar nga njer\u00ebzit mund t\u00eb ket\u00eb sjell\u00eb virusin.<\/p>\n<p>P\u00ebrpjekjet p\u00ebr t\u00eb kontrolluar s\u00ebmundjen u intensifikuan dje, t\u00eb diel\u00ebn, me 300 polic\u00eb dhe roje rurale katalanase t\u00eb vendosur, t\u00eb ndjekur nga 117 an\u00ebtar\u00eb t\u00eb nj\u00ebsis\u00eb ushtarake t\u00eb emergjenc\u00ebs UME sot.<\/p>\n<p>Ministri i Bujq\u00ebsis\u00eb i Spanj\u00ebs, Luis Planas, tha t\u00eb shtun\u00ebn se rreth nj\u00eb e treta e certifikatave t\u00eb eksportit t\u00eb mishit t\u00eb derrit n\u00eb vend jan\u00eb bllokuar si rezultat i shp\u00ebrthimit, megjith\u00ebse deri m\u00eb tani asnj\u00eb ferm\u00eb nuk \u00ebsht\u00eb prekur. Fermat e derrave brenda nj\u00eb rrezeje prej 20 kilometrash nga shp\u00ebrthimi fillestar po p\u00ebrballen me kufizime n\u00eb operacionet dhe shitjet e tyre.<\/p>\n","protected":false},"excerpt":{"rendered":"<p>Ushtria spanjolle u urdh\u00ebrua p\u00ebr t\u00eb frenuar nj\u00eb shp\u00ebrthim t\u00eb etheve afrikane t\u00eb derrave pran\u00eb Barcelon\u00ebs, t\u00eb cil\u00ebn zyrtar\u00ebt than\u00eb se mund t\u00eb jet\u00eb shkaktuar nga nj\u00eb derr i eg\u00ebr, ushqim i kontaminuar, si\u00e7 \u00ebsht\u00eb nj\u00eb sandui\u00e7. K\u00ebshtu u shkaktua nj\u00eb zinxhir ngjarjesh q\u00eb tani po prish nj\u00eb industri eksporti t\u00eb mishit t\u00eb derrit, me [&hellip;]<\/p>\n","protected":false},"author":5,"featured_media":83199,"comment_status":"closed","ping_status":"closed","sticky":false,"template":"","format":"standard","meta":{"footnotes":""},"categories":[7664,6332],"tags":[39165,39164,39166],"class_list":{"0":"post-93667","1":"post","2":"type-post","3":"status-publish","4":"format-standard","5":"has-post-thumbnail","7":"category-bota","8":"category-te-fundit","9":"tag-mobilizohet-ushtria","10":"tag-spanja-pushtohet-nga-ethet-e-derrave","11":"tag-thuhet-se"},"_links":{"self":[{"href":"https:\/\/jugulajm.net\/index.php?rest_route=\/wp\/v2\/posts\/93667","targetHints":{"allow":["GET"]}}],"collection":[{"href":"https:\/\/jugulajm.net\/index.php?rest_route=\/wp\/v2\/posts"}],"about":[{"href":"https:\/\/jugulajm.net\/index.php?rest_route=\/wp\/v2\/types\/post"}],"author":[{"embeddable":true,"href":"https:\/\/jugulajm.net\/index.php?rest_route=\/wp\/v2\/users\/5"}],"replies":[{"embeddable":true,"href":"https:\/\/jugulajm.net\/index.php?rest_route=%2Fwp%2Fv2%2Fcomments&post=93667"}],"version-history":[{"count":1,"href":"https:\/\/jugulajm.net\/index.php?rest_route=\/wp\/v2\/posts\/93667\/revisions"}],"predecessor-version":[{"id":93668,"href":"https:\/\/jugulajm.net\/index.php?rest_route=\/wp\/v2\/posts\/93667\/revisions\/93668"}],"wp:featuredmedia":[{"embeddable":true,"href":"https:\/\/jugulajm.net\/index.php?rest_route=\/wp\/v2\/media\/83199"}],"wp:attachment":[{"href":"https:\/\/jugulajm.net\/index.php?rest_route=%2Fwp%2Fv2%2Fmedia&parent=93667"}],"wp:term":[{"taxonomy":"category","embeddable":true,"href":"https:\/\/jugulajm.net\/index.php?rest_route=%2Fwp%2Fv2%2Fcategories&post=93667"},{"taxonomy":"post_tag","embeddable":true,"href":"https:\/\/jugulajm.net\/index.php?rest_route=%2Fwp%2Fv2%2Ftags&post=93667"}],"curies":[{"name":"wp","href":"https:\/\/api.w.org\/{rel}","templated":true}]}}