{"id":93635,"date":"2025-11-30T12:49:49","date_gmt":"2025-11-30T11:49:49","guid":{"rendered":"https:\/\/jugulajm.net\/?p=93635"},"modified":"2025-11-30T12:49:49","modified_gmt":"2025-11-30T11:49:49","slug":"foto-proda-ne-asamblene-e-93-te-te-interpol-u-prezantua-progresi-i-policise-shqiptare-ne-luften-kunder-krimit-te-organizuar","status":"publish","type":"post","link":"https:\/\/jugulajm.net\/?p=93635","title":{"rendered":"FOTO\/Proda n\u00eb Asamblen\u00eb e 93-t\u00eb, t\u00eb INTERPOL, u prezantua progresi i Policis\u00eb shqiptare n\u00eb luft\u00ebn kund\u00ebr krimit t\u00eb organizuar"},"content":{"rendered":"<p>Drejtori i P\u00ebrgjithsh\u00ebm i Policis\u00eb s\u00eb Shtetit, Drejtues Madhor Ilir Proda, mori pjes\u00eb n\u00eb Asamblen\u00eb e 93-t\u00eb t\u00eb Interpolit n\u00eb Marrakesh, Marok, me pjes\u00ebmarrjen e drejtuesve t\u00eb policis\u00eb nga 196 vende t\u00eb bot\u00ebs.<\/p>\n<p>Gjat\u00eb q\u00ebndrimit atje, Drejtori Proda, i shoq\u00ebruar nga Drejtuesi i Lart\u00eb P\u00ebllumb Seferi dhe Drejtuesi Ulian Shpataraku, zhvilloi takime bilaterale me homolog\u00ebt e tij, p\u00ebrfshir\u00eb Drejtorin e P\u00ebrgjithsh\u00ebm t\u00eb Siguris\u00eb Publike Italiane, Prefektin Vittorio Pisani, si dhe me delegacionin turk t\u00eb kryesuar nga Z\u00ebvend\u00ebsministri i Brendsh\u00ebm, Munir Karaloglu.<\/p>\n<p>N\u00eb k\u00ebto takime u prezantua progresi i Policis\u00eb shqiptare n\u00eb luft\u00ebn kund\u00ebr krimit t\u00eb organizuar dhe pjes\u00ebmarrja e saj e barabart\u00eb me partner\u00ebt n\u00eb operacione nd\u00ebrkomb\u00ebtare, duke marr\u00eb vler\u00ebsime pozitive p\u00ebr profesionaliz\u00ebm dhe besueshm\u00ebri.<\/p>\n<p>Homolog\u00ebt e p\u00ebrfshir\u00eb n\u00eb takime theksuan se Policia shqiptare \u00ebsht\u00eb nj\u00eb partner i besuesh\u00ebm dhe jan\u00eb t\u00eb gatsh\u00ebm t\u00eb thellojn\u00eb m\u00eb tej bashk\u00ebpunimin p\u00ebr t\u00eb luftuar krimin nd\u00ebrkomb\u00ebtar n\u00ebp\u00ebrmjet hetimeve\u00a0me skuadra t\u00eb p\u00ebrbashk\u00ebta hetimore.<\/p>\n<p>Asambleja e 93-t\u00eb e Interpolit p\u00ebrfundoi me zgjedhjen e Presidentit t\u00eb ri, Lucas Philippe, Z\u00ebvend\u00ebspresidentit p\u00ebr Azin\u00eb, dhe delegat\u00ebve t\u00eb rinj p\u00ebr Afrik\u00ebn, Azin\u00eb dhe Evrop\u00ebn, si dhe an\u00ebtar\u00ebve t\u00eb rinj t\u00eb Komitetit Ekzekutiv, p\u00ebrgjegj\u00ebs p\u00ebr udh\u00ebzimet strategjike dhe mbik\u00ebqyrjen e vendimeve t\u00eb Asambles\u00eb.<img decoding=\"async\" src=\"https:\/\/scontent.ftia5-1.fna.fbcdn.net\/v\/t39.30808-6\/590084598_1255687503263259_4152363827356535350_n.jpg?_nc_cat=104&amp;ccb=1-7&amp;_nc_sid=833d8c&amp;_nc_ohc=kLsnnx0ZIJkQ7kNvwF3a3TK&amp;_nc_oc=Adkf05Ue1yAoAM3-7HW_4XenqXM4a9nH5vVRSRbTnEZn63LKTqDx8pWTOF0U2Tmn73s&amp;_nc_zt=23&amp;_nc_ht=scontent.ftia5-1.fna&amp;_nc_gid=FPN2SzaWRgvRzUN6a2pJpw&amp;oh=00_Afifx-BjVxeQ8pf9rVvMZq9z_23M0hEFhk5ghQg9Q18Dng&amp;oe=6932175E\" alt=\"Mund t\u00eb jet\u00eb nj\u00eb imazh i teksti\" \/><img decoding=\"async\" src=\"https:\/\/scontent.ftia5-1.fna.fbcdn.net\/v\/t39.30808-6\/592363257_1255687366596606_5434848325450085232_n.jpg?_nc_cat=107&amp;ccb=1-7&amp;_nc_sid=833d8c&amp;_nc_ohc=63MGEi-A_3wQ7kNvwGMLHMo&amp;_nc_oc=AdloWl48WP2J8LCxQBH2UKiChWG46nv34xwx9PjFhv_6FIDp3NL5_Ltt6SXHhnfYpps&amp;_nc_zt=23&amp;_nc_ht=scontent.ftia5-1.fna&amp;_nc_gid=rd1EUT4TnW_3PBt-pdMvUA&amp;oh=00_AfhnrhMV5RkL5ZbGX-ST06EATQQsBdLkHAVyZiR3i96pFg&amp;oe=693201CF\" alt=\"Mund t\u00eb jet\u00eb nj\u00eb imazh i \u200eteksti q\u00eb thot\u00eb &quot;\u200e93SESSIONDE 93tME SESSION DE ~\u05e1\u05e1\u05e1\u05dd MARRAKE! 93GE 93 \u0642\u062a\u0631\u0628\u0648\u0644 93ARE 934 RE ERPOL ERP OL\u200e&quot;\u200e\" \/><img decoding=\"async\" src=\"https:\/\/scontent.ftia5-1.fna.fbcdn.net\/v\/t39.30808-6\/586322504_1255687606596582_7765272037047703201_n.jpg?_nc_cat=106&amp;ccb=1-7&amp;_nc_sid=833d8c&amp;_nc_ohc=K_qlw_-FLJ8Q7kNvwFUs_cW&amp;_nc_oc=AdnyfCwiMArhI0UrP0OvnpjDql8Nw-YVk73IQeWk9je9danL-Atw6ioUa5ObE_X-sdQ&amp;_nc_zt=23&amp;_nc_ht=scontent.ftia5-1.fna&amp;_nc_gid=qJeosePFK7qnKcxXE_BgvA&amp;oh=00_AfhdYwypevdKZk5MiAVHiX2EY9DfQuRsUuHROSUaVE2qOA&amp;oe=6931E80B\" alt=\"Mund t\u00eb jet\u00eb nj\u00eb imazh i redaksi, tribun\u00eb dhe teksti\" \/><img decoding=\"async\" src=\"https:\/\/scontent.ftia5-1.fna.fbcdn.net\/v\/t39.30808-6\/591581071_1255687566596586_975091850101928114_n.jpg?_nc_cat=101&amp;ccb=1-7&amp;_nc_sid=833d8c&amp;_nc_ohc=JI0njWM_8uIQ7kNvwFPGjX0&amp;_nc_oc=AdlZTj6VvD-AWjKGdoUqqs_w7gEQ6X2-N2PLAo6ZlVAkVKXJ-f0uZkIZBJtQ6WlmfNI&amp;_nc_zt=23&amp;_nc_ht=scontent.ftia5-1.fna&amp;_nc_gid=dYHO7QWBxvknpHNQQ1WhuQ&amp;oh=00_Afgq3F8bgt6cNvjUZKfYxRbybjTs2hFUlPRC4HEe2aRLlA&amp;oe=6931F566\" alt=\"Mund t\u00eb jet\u00eb nj\u00eb imazh i teksti q\u00eb thot\u00eb &quot;INTERPOL ALBANIE&quot;\" \/><img decoding=\"async\" src=\"https:\/\/scontent.ftia5-1.fna.fbcdn.net\/v\/t39.30808-6\/590629475_1255687533263256_3188901661225862262_n.jpg?_nc_cat=110&amp;ccb=1-7&amp;_nc_sid=833d8c&amp;_nc_ohc=Q7Ra8oTnlaoQ7kNvwEFeQBA&amp;_nc_oc=Adlw1dvWAILdYyATOtfv_8TmAjyCVcJWoEJj26dbtzLDq9-SFi64bukKtyQUe7S7FXE&amp;_nc_zt=23&amp;_nc_ht=scontent.ftia5-1.fna&amp;_nc_gid=228w6qBlyjyYag5CNF_B6w&amp;oh=00_AfiXqpALPENK64dHi1pyHWniVfJTkxIwYyQHdGbLyFJ0BA&amp;oe=6932167C\" alt=\"Mund t\u00eb jet\u00eb nj\u00eb imazh i nj\u00eb ose m\u00eb shum\u00eb persona dhe teksti q\u00eb thot\u00eb &quot;INTERPOL ALBANIE&quot;\" \/><\/p>\n<p><img decoding=\"async\" src=\"https:\/\/scontent.ftia5-1.fna.fbcdn.net\/v\/t39.30808-6\/591721189_1255687463263263_3708078213896316216_n.jpg?_nc_cat=111&amp;ccb=1-7&amp;_nc_sid=833d8c&amp;_nc_ohc=3XWhzz2GhKgQ7kNvwFfRbQA&amp;_nc_oc=AdmDVJIAisYbiraPFSM7cG-9cUEWuxdEVhzdexUlqlIS9CZWYotXcDkTV-mHxJ4FxSI&amp;_nc_zt=23&amp;_nc_ht=scontent.ftia5-1.fna&amp;_nc_gid=wYgfJoGBndcSsrlYlhESHw&amp;oh=00_AfhcxKKTNUxo4omyciMlDgULvZpe1M5bIvjFHQ3q2PddMg&amp;oe=69320747\" alt=\"Mund t\u00eb jet\u00eb nj\u00eb imazh i \u200eteksti q\u00eb thot\u00eb &quot;\u200eINTERPOL MARRAKECH_MOROCCO.2025 GENERAL ASSEMBLY MARRAKECH MOROCCO 2025 lln 93 RD INTERPOL GENERAL ASSEMBLY SESSION DE L'ASSEMBLEE GEN TERPOL \uc870\uc18c\ubbf8\uc2a4\uce20 INTEP \u0a28 MARRAKECH, MOROCCO 2025 GENERAL ASSEMBLY \u0645\u0639\u0648\u0644 93A 93REUNI\u00d3NDE REUNI\u00d3N DE 93 \u0627\u0644\u062f\u0648\u0631\u0629 GENERALDE DE INTERPOL S INTERPOL 3 \u062f\u200e&quot;\u200e\" \/><\/p>\n","protected":false},"excerpt":{"rendered":"<p>Drejtori i P\u00ebrgjithsh\u00ebm i Policis\u00eb s\u00eb Shtetit, Drejtues Madhor Ilir Proda, mori pjes\u00eb n\u00eb Asamblen\u00eb e 93-t\u00eb t\u00eb Interpolit n\u00eb Marrakesh, Marok, me pjes\u00ebmarrjen e drejtuesve t\u00eb policis\u00eb nga 196 vende t\u00eb bot\u00ebs. Gjat\u00eb q\u00ebndrimit atje, Drejtori Proda, i shoq\u00ebruar nga Drejtuesi i Lart\u00eb P\u00ebllumb Seferi dhe Drejtuesi Ulian Shpataraku, zhvilloi takime bilaterale me homolog\u00ebt [&hellip;]<\/p>\n","protected":false},"author":5,"featured_media":93636,"comment_status":"closed","ping_status":"closed","sticky":false,"template":"","format":"standard","meta":{"footnotes":""},"categories":[1,6332],"tags":[39145,39146,39147],"class_list":{"0":"post-93635","1":"post","2":"type-post","3":"status-publish","4":"format-standard","5":"has-post-thumbnail","7":"category-aktualitet","8":"category-te-fundit","9":"tag-proda-ne-asamblene-e-93-te","10":"tag-te-interpol","11":"tag-u-prezantua-progresi-i-policise-shqiptare-ne-luften-kunder-krimit-te-organizuar"},"_links":{"self":[{"href":"https:\/\/jugulajm.net\/index.php?rest_route=\/wp\/v2\/posts\/93635","targetHints":{"allow":["GET"]}}],"collection":[{"href":"https:\/\/jugulajm.net\/index.php?rest_route=\/wp\/v2\/posts"}],"about":[{"href":"https:\/\/jugulajm.net\/index.php?rest_route=\/wp\/v2\/types\/post"}],"author":[{"embeddable":true,"href":"https:\/\/jugulajm.net\/index.php?rest_route=\/wp\/v2\/users\/5"}],"replies":[{"embeddable":true,"href":"https:\/\/jugulajm.net\/index.php?rest_route=%2Fwp%2Fv2%2Fcomments&post=93635"}],"version-history":[{"count":1,"href":"https:\/\/jugulajm.net\/index.php?rest_route=\/wp\/v2\/posts\/93635\/revisions"}],"predecessor-version":[{"id":93637,"href":"https:\/\/jugulajm.net\/index.php?rest_route=\/wp\/v2\/posts\/93635\/revisions\/93637"}],"wp:featuredmedia":[{"embeddable":true,"href":"https:\/\/jugulajm.net\/index.php?rest_route=\/wp\/v2\/media\/93636"}],"wp:attachment":[{"href":"https:\/\/jugulajm.net\/index.php?rest_route=%2Fwp%2Fv2%2Fmedia&parent=93635"}],"wp:term":[{"taxonomy":"category","embeddable":true,"href":"https:\/\/jugulajm.net\/index.php?rest_route=%2Fwp%2Fv2%2Fcategories&post=93635"},{"taxonomy":"post_tag","embeddable":true,"href":"https:\/\/jugulajm.net\/index.php?rest_route=%2Fwp%2Fv2%2Ftags&post=93635"}],"curies":[{"name":"wp","href":"https:\/\/api.w.org\/{rel}","templated":true}]}}