{"id":93584,"date":"2025-11-28T13:03:41","date_gmt":"2025-11-28T12:03:41","guid":{"rendered":"https:\/\/jugulajm.net\/?p=93584"},"modified":"2025-11-28T13:05:47","modified_gmt":"2025-11-28T12:05:47","slug":"gjendet-i-pajete-60-vjecari-ja-dyshimet","status":"publish","type":"post","link":"https:\/\/jugulajm.net\/?p=93584","title":{"rendered":"Gjendet i pajet\u00eb 60-vje\u00e7ari, ja dyshimet&#8230;"},"content":{"rendered":"<p>Nj\u00eb ngjarje e r\u00ebnd\u00eb \u00ebsht\u00eb regjistruar mesdit\u00ebn e k\u00ebsaj s\u00eb premteje, ku nj\u00eb 60-vje\u00e7ar \u00ebsht\u00eb gjetur i pajet\u00eb n\u00eb lagjen nr. 5 t\u00eb Pogradecit.<\/p>\n<p>Sipas informacioneve paraprake, m\u00ebsohet se viktima ishte endacak dhe dyshohet se \u00ebsht\u00eb rr\u00ebzuar pas nj\u00eb infarkti \u00e7ka ka sjell\u00eb vdekjen e tij.<\/p>\n<p>Nga ana e policis\u00eb po b\u00ebhen veprimet lidhur me ngjarjen, ku do t\u00eb identifikohet viktima dhe do t\u00eb p\u00ebrcaktohet shkaku i vdekjes.<\/p>\n<p>Nuk p\u00ebrjashtohet mund\u00ebsia q\u00eb vdekja t\u00eb ket\u00eb ardhur edhe p\u00ebr shkak t\u00eb temperaturave t\u00eb ul\u00ebta n\u00eb juglindje.<\/p>\n","protected":false},"excerpt":{"rendered":"<p>Nj\u00eb ngjarje e r\u00ebnd\u00eb \u00ebsht\u00eb regjistruar mesdit\u00ebn e k\u00ebsaj s\u00eb premteje, ku nj\u00eb 60-vje\u00e7ar \u00ebsht\u00eb gjetur i pajet\u00eb n\u00eb lagjen nr. 5 t\u00eb Pogradecit. Sipas informacioneve paraprake, m\u00ebsohet se viktima ishte endacak dhe dyshohet se \u00ebsht\u00eb rr\u00ebzuar pas nj\u00eb infarkti \u00e7ka ka sjell\u00eb vdekjen e tij. Nga ana e policis\u00eb po b\u00ebhen veprimet lidhur me [&hellip;]<\/p>\n","protected":false},"author":5,"featured_media":54477,"comment_status":"closed","ping_status":"closed","sticky":false,"template":"","format":"standard","meta":{"footnotes":""},"categories":[1,6332,29228],"tags":[39123,20344],"class_list":{"0":"post-93584","1":"post","2":"type-post","3":"status-publish","4":"format-standard","5":"has-post-thumbnail","7":"category-aktualitet","8":"category-te-fundit","9":"category-vendi","10":"tag-gjendet-i-pajete-60-vjecari","11":"tag-ja-dyshimet"},"_links":{"self":[{"href":"https:\/\/jugulajm.net\/index.php?rest_route=\/wp\/v2\/posts\/93584","targetHints":{"allow":["GET"]}}],"collection":[{"href":"https:\/\/jugulajm.net\/index.php?rest_route=\/wp\/v2\/posts"}],"about":[{"href":"https:\/\/jugulajm.net\/index.php?rest_route=\/wp\/v2\/types\/post"}],"author":[{"embeddable":true,"href":"https:\/\/jugulajm.net\/index.php?rest_route=\/wp\/v2\/users\/5"}],"replies":[{"embeddable":true,"href":"https:\/\/jugulajm.net\/index.php?rest_route=%2Fwp%2Fv2%2Fcomments&post=93584"}],"version-history":[{"count":2,"href":"https:\/\/jugulajm.net\/index.php?rest_route=\/wp\/v2\/posts\/93584\/revisions"}],"predecessor-version":[{"id":93586,"href":"https:\/\/jugulajm.net\/index.php?rest_route=\/wp\/v2\/posts\/93584\/revisions\/93586"}],"wp:featuredmedia":[{"embeddable":true,"href":"https:\/\/jugulajm.net\/index.php?rest_route=\/wp\/v2\/media\/54477"}],"wp:attachment":[{"href":"https:\/\/jugulajm.net\/index.php?rest_route=%2Fwp%2Fv2%2Fmedia&parent=93584"}],"wp:term":[{"taxonomy":"category","embeddable":true,"href":"https:\/\/jugulajm.net\/index.php?rest_route=%2Fwp%2Fv2%2Fcategories&post=93584"},{"taxonomy":"post_tag","embeddable":true,"href":"https:\/\/jugulajm.net\/index.php?rest_route=%2Fwp%2Fv2%2Ftags&post=93584"}],"curies":[{"name":"wp","href":"https:\/\/api.w.org\/{rel}","templated":true}]}}