{"id":93528,"date":"2025-11-26T14:14:47","date_gmt":"2025-11-26T13:14:47","guid":{"rendered":"https:\/\/jugulajm.net\/?p=93528"},"modified":"2025-11-26T15:46:22","modified_gmt":"2025-11-26T14:46:22","slug":"foto-radhime-kapet-peshkaqeni-derr","status":"publish","type":"post","link":"https:\/\/jugulajm.net\/?p=93528","title":{"rendered":"FOTO\/ Radhim\u00eb, kapet peshkaqeni \u2018&#8217;derr\u2019&#8217;"},"content":{"rendered":"<p>Nj\u00eb peshkaqen i llojit \u201cDerr\u201d ka r\u00ebn\u00eb sot n\u00eb m\u00ebngjes n\u00eb rrjetat e peshkatar\u00ebve t\u00eb Radhim\u00ebs.<\/p>\n<p>Peshkaqeni, me gjat\u00ebsi rreth 1.3 metra dhe pesh\u00eb 35 kilogram\u00eb, \u00ebsht\u00eb transportuar menj\u00ebher\u00eb n\u00eb Qendr\u00ebn e Peshkimit n\u00eb Radhim\u00eb, ku pritet q\u00eb biolog\u00ebt ta vler\u00ebsojn\u00eb, t\u00eb kryejn\u00eb matjet e nevojshme dhe m\u00eb pas ta lirojn\u00eb p\u00ebrs\u00ebri n\u00eb det.<\/p>\n<p>Kjo specie konsiderohet e rrall\u00eb p\u00ebr uj\u00ebrat tona, pasi zakonisht jeton n\u00eb uj\u00ebra t\u00eb thella.<\/p>\n<p>Mendohet se peshkaqeni mund t\u00eb ket\u00eb humbur orientimin, \u00e7ka ka b\u00ebr\u00eb q\u00eb t\u00eb dal\u00eb n\u00eb zona m\u00eb t\u00eb cek\u00ebta. Sipas specialist\u00ebve, ky lloj peshkaqeni nuk konsiderohet i rreziksh\u00ebm p\u00ebr njer\u00ebzit.<\/p>\n","protected":false},"excerpt":{"rendered":"<p>Nj\u00eb peshkaqen i llojit \u201cDerr\u201d ka r\u00ebn\u00eb sot n\u00eb m\u00ebngjes n\u00eb rrjetat e peshkatar\u00ebve t\u00eb Radhim\u00ebs. Peshkaqeni, me gjat\u00ebsi rreth 1.3 metra dhe pesh\u00eb 35 kilogram\u00eb, \u00ebsht\u00eb transportuar menj\u00ebher\u00eb n\u00eb Qendr\u00ebn e Peshkimit n\u00eb Radhim\u00eb, ku pritet q\u00eb biolog\u00ebt ta vler\u00ebsojn\u00eb, t\u00eb kryejn\u00eb matjet e nevojshme dhe m\u00eb pas ta lirojn\u00eb p\u00ebrs\u00ebri n\u00eb det. Kjo [&hellip;]<\/p>\n","protected":false},"author":5,"featured_media":93534,"comment_status":"closed","ping_status":"closed","sticky":false,"template":"","format":"standard","meta":{"footnotes":""},"categories":[6332,29228],"tags":[39101,39102],"class_list":{"0":"post-93528","1":"post","2":"type-post","3":"status-publish","4":"format-standard","5":"has-post-thumbnail","7":"category-te-fundit","8":"category-vendi","9":"tag-foto-radhime","10":"tag-kapet-peshkaqeni-derr"},"_links":{"self":[{"href":"https:\/\/jugulajm.net\/index.php?rest_route=\/wp\/v2\/posts\/93528","targetHints":{"allow":["GET"]}}],"collection":[{"href":"https:\/\/jugulajm.net\/index.php?rest_route=\/wp\/v2\/posts"}],"about":[{"href":"https:\/\/jugulajm.net\/index.php?rest_route=\/wp\/v2\/types\/post"}],"author":[{"embeddable":true,"href":"https:\/\/jugulajm.net\/index.php?rest_route=\/wp\/v2\/users\/5"}],"replies":[{"embeddable":true,"href":"https:\/\/jugulajm.net\/index.php?rest_route=%2Fwp%2Fv2%2Fcomments&post=93528"}],"version-history":[{"count":2,"href":"https:\/\/jugulajm.net\/index.php?rest_route=\/wp\/v2\/posts\/93528\/revisions"}],"predecessor-version":[{"id":93531,"href":"https:\/\/jugulajm.net\/index.php?rest_route=\/wp\/v2\/posts\/93528\/revisions\/93531"}],"wp:featuredmedia":[{"embeddable":true,"href":"https:\/\/jugulajm.net\/index.php?rest_route=\/wp\/v2\/media\/93534"}],"wp:attachment":[{"href":"https:\/\/jugulajm.net\/index.php?rest_route=%2Fwp%2Fv2%2Fmedia&parent=93528"}],"wp:term":[{"taxonomy":"category","embeddable":true,"href":"https:\/\/jugulajm.net\/index.php?rest_route=%2Fwp%2Fv2%2Fcategories&post=93528"},{"taxonomy":"post_tag","embeddable":true,"href":"https:\/\/jugulajm.net\/index.php?rest_route=%2Fwp%2Fv2%2Ftags&post=93528"}],"curies":[{"name":"wp","href":"https:\/\/api.w.org\/{rel}","templated":true}]}}