{"id":93297,"date":"2025-11-17T09:05:30","date_gmt":"2025-11-17T08:05:30","guid":{"rendered":"https:\/\/jugulajm.net\/?p=93297"},"modified":"2025-11-17T09:05:30","modified_gmt":"2025-11-17T08:05:30","slug":"moti-per-kete-jave-emergjencat-civile-paralajmerojne-ja-qytetet-ku-mund-te-kete-permbytje","status":"publish","type":"post","link":"https:\/\/jugulajm.net\/?p=93297","title":{"rendered":"Moti p\u00ebr k\u00ebt\u00eb jav\u00eb\/ Emergjencat Civile paralajm\u00ebrojn\u00eb: Ja qytetet ku mund t\u00eb ket\u00eb p\u00ebrmbytje&#8230;"},"content":{"rendered":"<p>Ministria e Mbrojtjes ka dal\u00eb me nj\u00eb njoftim p\u00ebr qytetar\u00ebt, pasi paralajm\u00ebron p\u00ebr reshje intensive dit\u00ebn e h\u00ebn\u00eb.<\/p>\n<p>Sipas njoftimit, qarqet e m\u00eb t\u00eb rrezikuara jan\u00eb Gjirokastra, Kuk\u00ebsi, Shkodra dhe Vlora.<\/p>\n<p><strong>Njoftimi p\u00ebr shtyp:<\/strong><\/p>\n<p>Sipas informacionit t\u00eb p\u00ebrdit\u00ebsuar nga Instituti i Gjeoshkencave (IGJEO) dhe Sh\u00ebrbimi. Meteorologjik Ushtarak (SHMU), gjat\u00eb jav\u00ebs priten reshje me intensitet t\u00eb lart\u00eb n\u00eb t\u00eb gjitha qarqet e vendit, t\u00eb shoq\u00ebruara me shtr\u00ebngata dhe n\u00eb zona t\u00eb caktuara me reshje d\u00ebbore.<\/p>\n<p>Dit\u00ebn e H\u00ebn\u00eb, 17 N\u00ebntor 2025, priten reshje mesatare deri lokalisht intensive n\u00eb qarqet Shkod\u00ebr, Lezh\u00eb dhe Vlor\u00eb.<\/p>\n<p>N\u00eb qarqet Kuk\u00ebs, Dib\u00ebr, Durr\u00ebs, Tiran\u00eb dhe Gjirokast\u00ebr reshjet do t\u00eb jen\u00eb t\u00eb dob\u00ebta deri mesatare, t\u00eb shoq\u00ebruara me shtr\u00ebngata.<\/p>\n<p>N\u00eb qarqet e tjera parashikohen reshje t\u00eb dob\u00ebta. Intensiteti pritet t\u00eb rritet n\u00eb or\u00ebt e pasdites.<\/p>\n<p>Dit\u00ebn e Mart\u00eb, 18 N\u00ebntor 2025, reshjet do t\u00eb shtohen n\u00eb t\u00eb gjith\u00eb territorin:<\/p>\n<p>* Qarqet Shkod\u00ebr, Kuk\u00ebs, Vlor\u00eb dhe Gjirokast\u00ebr do t\u00eb p\u00ebrfshihen nga reshje intensive deri lokalisht shum\u00eb intensive.<\/p>\n<p>* N\u00eb Lezh\u00eb priten reshje intensive.<\/p>\n<p>* N\u00eb qarqet Dib\u00ebr, Durr\u00ebs dhe Tiran\u00eb reshjet do t\u00eb jen\u00eb mesatare deri lokalisht intensive.<\/p>\n<p>* N\u00eb qarqet e tjer\u00eb priten reshje t\u00eb dob\u00ebta deri mesatare.<\/p>\n<p>Reshjet do t\u00eb shoq\u00ebrohen me shtr\u00ebngata n\u00eb t\u00eb gjith\u00eb vendin. Dit\u00ebn e M\u00ebrkur\u00eb, 19 N\u00ebntor 2025, parashikohen reshje me intensitet t\u00eb lart\u00eb n\u00eb t\u00eb gjith\u00eb vendin.<\/p>\n<p>N\u00eb qarqet Shkod\u00ebr, Kuk\u00ebs, Vlor\u00eb dhe Gjirokast\u00ebr priten reshje intensive deri lokalisht shum\u00eb<\/p>\n<p>intensive, nd\u00ebrsa n\u00eb qarqet e tjer\u00eb reshje mesatare deri intensive, t\u00eb shoq\u00ebruara me shtr\u00ebngata.<\/p>\n<p>Dit\u00ebn e Enjte, 20 N\u00ebntor 2025, pritet ulje e intensitetit t\u00eb reshjeve. N\u00eb qarqet Shkod\u00ebr, Vlor\u00eb dhe Gjirokast\u00ebr reshjet do t\u00eb jen\u00eb t\u00eb dob\u00ebta deri mesatare, nd\u00ebrsa n\u00eb qarqet e tjer\u00eb t\u00eb dob\u00ebta.<\/p>\n<p>Reshje d\u00ebbore dhe ngrica<\/p>\n<p>N\u00eb zonat mbi 400 m lart\u00ebsi n\u00eb Veri, Lindje dhe Juglindje, reshjet do t\u00eb jen\u00eb n\u00eb form\u00eb d\u00ebbore, duke krijuar mund\u00ebsi p\u00ebr ngrica dhe v\u00ebshtir\u00ebsi n\u00eb qarkullimin rrugor.<\/p>\n<p>Sipas parashikimeve t\u00eb fundit hidrometeorologjike, n\u00eb basenin e lumit Drin reshjet e pritshme arrijn\u00eb deri n\u00eb:<\/p>\n<p>* Fierz\u00eb: 150\u2013200 mm<\/p>\n<p>* Koman \u2013 Vau i Dej\u00ebs: deri n\u00eb 300 mm<\/p>\n<p>Ministria e Mbrojtjes, p\u00ebrmes Agjencis\u00eb Komb\u00ebtare t\u00eb Mbrojtjes Civile, u k\u00ebrkon t\u00eb gjitha strukturave vendore dhe qendrore:<\/p>\n<p>\u2714 T\u00eb marrin masa parandaluese p\u00ebr shmangien e p\u00ebrmbytjeve<\/p>\n<p>\u2714 T\u00eb jen\u00eb n\u00eb gatishm\u00ebri t\u00eb plot\u00eb p\u00ebr reagim t\u00eb menj\u00ebhersh\u00ebm<\/p>\n<p>\u2714 T\u00eb sigurojn\u00eb koordinim t\u00eb ngusht\u00eb nd\u00ebrinstitucional p\u00ebr menaxhimin e situatave emergjente<\/p>\n<p>Agjencia Komb\u00ebtare e Mbrojtjes Civile ka k\u00ebrkuar rritjen e gatishm\u00ebris\u00eb s\u00eb bashkive n\u00eb nivelin maksimal, n\u00eb p\u00ebrputhje me parashikimet e motit dhe rrezikun e shtuar t\u00eb p\u00ebrmbytjeve dhe rr\u00ebshqitjeve t\u00eb dherave.<\/p>\n<p>Strukturat e emergjencave civile do t\u00eb p\u00ebrdit\u00ebsojn\u00eb publikun vazhdimisht mbi situat\u00ebn n\u00eb terren dhe mbi \u00e7do zhvillim t\u00eb ri q\u00eb lidhet me motin dhe nivelin e riskut. Ftojm\u00eb qytetar\u00ebt e zonave t\u00eb prekura t\u00eb tregojn\u00eb kujdes t\u00eb shtuar gjat\u00eb k\u00ebsaj periudhe me reshje intensive.<\/p>\n","protected":false},"excerpt":{"rendered":"<p>Ministria e Mbrojtjes ka dal\u00eb me nj\u00eb njoftim p\u00ebr qytetar\u00ebt, pasi paralajm\u00ebron p\u00ebr reshje intensive dit\u00ebn e h\u00ebn\u00eb. Sipas njoftimit, qarqet e m\u00eb t\u00eb rrezikuara jan\u00eb Gjirokastra, Kuk\u00ebsi, Shkodra dhe Vlora. Njoftimi p\u00ebr shtyp: Sipas informacionit t\u00eb p\u00ebrdit\u00ebsuar nga Instituti i Gjeoshkencave (IGJEO) dhe Sh\u00ebrbimi. Meteorologjik Ushtarak (SHMU), gjat\u00eb jav\u00ebs priten reshje me intensitet t\u00eb [&hellip;]<\/p>\n","protected":false},"author":5,"featured_media":53818,"comment_status":"closed","ping_status":"closed","sticky":false,"template":"","format":"standard","meta":{"footnotes":""},"categories":[7650,6332,29228],"tags":[38991],"class_list":{"0":"post-93297","1":"post","2":"type-post","3":"status-publish","4":"format-standard","5":"has-post-thumbnail","7":"category-moti","8":"category-te-fundit","9":"category-vendi","10":"tag-moti-per-kete-jave-emergjencat-civile-paralajmerojne-ja-qytetet-ku-mund-te-kete-permbytje"},"_links":{"self":[{"href":"https:\/\/jugulajm.net\/index.php?rest_route=\/wp\/v2\/posts\/93297","targetHints":{"allow":["GET"]}}],"collection":[{"href":"https:\/\/jugulajm.net\/index.php?rest_route=\/wp\/v2\/posts"}],"about":[{"href":"https:\/\/jugulajm.net\/index.php?rest_route=\/wp\/v2\/types\/post"}],"author":[{"embeddable":true,"href":"https:\/\/jugulajm.net\/index.php?rest_route=\/wp\/v2\/users\/5"}],"replies":[{"embeddable":true,"href":"https:\/\/jugulajm.net\/index.php?rest_route=%2Fwp%2Fv2%2Fcomments&post=93297"}],"version-history":[{"count":1,"href":"https:\/\/jugulajm.net\/index.php?rest_route=\/wp\/v2\/posts\/93297\/revisions"}],"predecessor-version":[{"id":93298,"href":"https:\/\/jugulajm.net\/index.php?rest_route=\/wp\/v2\/posts\/93297\/revisions\/93298"}],"wp:featuredmedia":[{"embeddable":true,"href":"https:\/\/jugulajm.net\/index.php?rest_route=\/wp\/v2\/media\/53818"}],"wp:attachment":[{"href":"https:\/\/jugulajm.net\/index.php?rest_route=%2Fwp%2Fv2%2Fmedia&parent=93297"}],"wp:term":[{"taxonomy":"category","embeddable":true,"href":"https:\/\/jugulajm.net\/index.php?rest_route=%2Fwp%2Fv2%2Fcategories&post=93297"},{"taxonomy":"post_tag","embeddable":true,"href":"https:\/\/jugulajm.net\/index.php?rest_route=%2Fwp%2Fv2%2Ftags&post=93297"}],"curies":[{"name":"wp","href":"https:\/\/api.w.org\/{rel}","templated":true}]}}