{"id":93249,"date":"2025-11-14T18:06:25","date_gmt":"2025-11-14T17:06:25","guid":{"rendered":"https:\/\/jugulajm.net\/?p=93249"},"modified":"2025-11-14T18:06:51","modified_gmt":"2025-11-14T17:06:51","slug":"spak-merr-te-pandehur-kryebashkiaken","status":"publish","type":"post","link":"https:\/\/jugulajm.net\/?p=93249","title":{"rendered":"SPAK merr t\u00eb pandehur kryebashkiaken e Roskovecit"},"content":{"rendered":"<p>Prokuroria e Posa\u00e7me ka marr\u00eb t\u00eb pandehur kryetaren e Bashkis\u00eb Roskovec, Majlinda Bufi.<\/p>\n<p>Ndaj saj \u00ebsht\u00eb ngritur akuza p\u00ebr \u201cp\u00ebrdorim t\u00eb funksionit publik p\u00ebr veprimtari politike\u201d.<\/p>\n<p>\u00c7\u00ebshtja lidhet me dyshimet p\u00ebr dh\u00ebnien e shp\u00ebrblimeve dhe premtimeve me q\u00ebllim ndikimin politik.<\/p>\n<p>Dosja tashm\u00eb ka zbritur n\u00eb gjykat\u00eb dhe ndodhet n\u00eb faz\u00ebn e hedhjes s\u00eb shortit p\u00ebr caktimin e gjyqtarit t\u00eb hetimit paraprak.<\/p>\n","protected":false},"excerpt":{"rendered":"<p>Prokuroria e Posa\u00e7me ka marr\u00eb t\u00eb pandehur kryetaren e Bashkis\u00eb Roskovec, Majlinda Bufi. Ndaj saj \u00ebsht\u00eb ngritur akuza p\u00ebr \u201cp\u00ebrdorim t\u00eb funksionit publik p\u00ebr veprimtari politike\u201d. \u00c7\u00ebshtja lidhet me dyshimet p\u00ebr dh\u00ebnien e shp\u00ebrblimeve dhe premtimeve me q\u00ebllim ndikimin politik. Dosja tashm\u00eb ka zbritur n\u00eb gjykat\u00eb dhe ndodhet n\u00eb faz\u00ebn e hedhjes s\u00eb shortit p\u00ebr [&hellip;]<\/p>\n","protected":false},"author":5,"featured_media":74895,"comment_status":"closed","ping_status":"closed","sticky":false,"template":"","format":"standard","meta":{"footnotes":""},"categories":[1,6326,6332,29228],"tags":[38969],"class_list":{"0":"post-93249","1":"post","2":"type-post","3":"status-publish","4":"format-standard","5":"has-post-thumbnail","7":"category-aktualitet","8":"category-politike","9":"category-te-fundit","10":"category-vendi","11":"tag-spak-merr-te-pandehur-kryebashkiaken"},"_links":{"self":[{"href":"https:\/\/jugulajm.net\/index.php?rest_route=\/wp\/v2\/posts\/93249","targetHints":{"allow":["GET"]}}],"collection":[{"href":"https:\/\/jugulajm.net\/index.php?rest_route=\/wp\/v2\/posts"}],"about":[{"href":"https:\/\/jugulajm.net\/index.php?rest_route=\/wp\/v2\/types\/post"}],"author":[{"embeddable":true,"href":"https:\/\/jugulajm.net\/index.php?rest_route=\/wp\/v2\/users\/5"}],"replies":[{"embeddable":true,"href":"https:\/\/jugulajm.net\/index.php?rest_route=%2Fwp%2Fv2%2Fcomments&post=93249"}],"version-history":[{"count":2,"href":"https:\/\/jugulajm.net\/index.php?rest_route=\/wp\/v2\/posts\/93249\/revisions"}],"predecessor-version":[{"id":93251,"href":"https:\/\/jugulajm.net\/index.php?rest_route=\/wp\/v2\/posts\/93249\/revisions\/93251"}],"wp:featuredmedia":[{"embeddable":true,"href":"https:\/\/jugulajm.net\/index.php?rest_route=\/wp\/v2\/media\/74895"}],"wp:attachment":[{"href":"https:\/\/jugulajm.net\/index.php?rest_route=%2Fwp%2Fv2%2Fmedia&parent=93249"}],"wp:term":[{"taxonomy":"category","embeddable":true,"href":"https:\/\/jugulajm.net\/index.php?rest_route=%2Fwp%2Fv2%2Fcategories&post=93249"},{"taxonomy":"post_tag","embeddable":true,"href":"https:\/\/jugulajm.net\/index.php?rest_route=%2Fwp%2Fv2%2Ftags&post=93249"}],"curies":[{"name":"wp","href":"https:\/\/api.w.org\/{rel}","templated":true}]}}