{"id":93246,"date":"2025-11-14T14:39:47","date_gmt":"2025-11-14T13:39:47","guid":{"rendered":"https:\/\/jugulajm.net\/?p=93246"},"modified":"2025-11-14T14:39:47","modified_gmt":"2025-11-14T13:39:47","slug":"emrat-foto-cifti-shqiptar-gjendet-i-pajete-ne-france-dyshohet-se","status":"publish","type":"post","link":"https:\/\/jugulajm.net\/?p=93246","title":{"rendered":"EMRAT-FOTO\/ \u00c7ifti shqiptar gjendet i pajet\u00eb n\u00eb Franc\u00eb, dyshohet se&#8230;"},"content":{"rendered":"<p>Ky \u00ebsht\u00eb \u00e7ifti shqiptar q\u00eb u gjet i vdekur n\u00eb sht\u00ebpin\u00eb e tyre n\u00eb Brest t\u00eb Franc\u00ebs t\u00eb enjten.<\/p>\n<p>Alarmi u dha rreth or\u00ebs 16:30, kur nj\u00eb banor i lagjes, forcat e rendit gjet\u00ebn trupat e \u00e7iftit shqiptar nga Kor\u00e7a, Andon Janaqi, 36 vje\u00e7 dhe Anjeza Zeneli, 30 vje\u00e7, si edhe nj\u00eb pushk\u00eb gjahu pran\u00eb tyre.<\/p>\n<p>Sipas raportimeve, hetuesit po e shqyrtojn\u00eb ngjarjen si nj\u00eb vrasje t\u00eb gruas, e ndjekur nga vet\u00ebvrasja e t\u00eb dyshuarit.<\/p>\n<p>\u00c7ifti ishte prind\u00ebr i dy f\u00ebmij\u00ebve.<\/p>\n<p>Nj\u00ebri prej tyre nuk ishte kthyer ende n\u00eb sht\u00ebpi pas t\u00eb sht\u00ebnave, nd\u00ebrsa f\u00ebmija m\u00eb i vog\u00ebl ndodhej n\u00eb shkoll\u00eb n\u00eb momentin kur ndodhi tragjedia.<\/p>\n","protected":false},"excerpt":{"rendered":"<p>Ky \u00ebsht\u00eb \u00e7ifti shqiptar q\u00eb u gjet i vdekur n\u00eb sht\u00ebpin\u00eb e tyre n\u00eb Brest t\u00eb Franc\u00ebs t\u00eb enjten. Alarmi u dha rreth or\u00ebs 16:30, kur nj\u00eb banor i lagjes, forcat e rendit gjet\u00ebn trupat e \u00e7iftit shqiptar nga Kor\u00e7a, Andon Janaqi, 36 vje\u00e7 dhe Anjeza Zeneli, 30 vje\u00e7, si edhe nj\u00eb pushk\u00eb gjahu pran\u00eb [&hellip;]<\/p>\n","protected":false},"author":5,"featured_media":93247,"comment_status":"closed","ping_status":"closed","sticky":false,"template":"","format":"standard","meta":{"footnotes":""},"categories":[1,7664,6332],"tags":[23094,38968],"class_list":{"0":"post-93246","1":"post","2":"type-post","3":"status-publish","4":"format-standard","5":"has-post-thumbnail","7":"category-aktualitet","8":"category-bota","9":"category-te-fundit","10":"tag-dyshohet-se","11":"tag-emrat-foto-cifti-shqiptar-gjenden-te-pajete-ne-france"},"_links":{"self":[{"href":"https:\/\/jugulajm.net\/index.php?rest_route=\/wp\/v2\/posts\/93246","targetHints":{"allow":["GET"]}}],"collection":[{"href":"https:\/\/jugulajm.net\/index.php?rest_route=\/wp\/v2\/posts"}],"about":[{"href":"https:\/\/jugulajm.net\/index.php?rest_route=\/wp\/v2\/types\/post"}],"author":[{"embeddable":true,"href":"https:\/\/jugulajm.net\/index.php?rest_route=\/wp\/v2\/users\/5"}],"replies":[{"embeddable":true,"href":"https:\/\/jugulajm.net\/index.php?rest_route=%2Fwp%2Fv2%2Fcomments&post=93246"}],"version-history":[{"count":1,"href":"https:\/\/jugulajm.net\/index.php?rest_route=\/wp\/v2\/posts\/93246\/revisions"}],"predecessor-version":[{"id":93248,"href":"https:\/\/jugulajm.net\/index.php?rest_route=\/wp\/v2\/posts\/93246\/revisions\/93248"}],"wp:featuredmedia":[{"embeddable":true,"href":"https:\/\/jugulajm.net\/index.php?rest_route=\/wp\/v2\/media\/93247"}],"wp:attachment":[{"href":"https:\/\/jugulajm.net\/index.php?rest_route=%2Fwp%2Fv2%2Fmedia&parent=93246"}],"wp:term":[{"taxonomy":"category","embeddable":true,"href":"https:\/\/jugulajm.net\/index.php?rest_route=%2Fwp%2Fv2%2Fcategories&post=93246"},{"taxonomy":"post_tag","embeddable":true,"href":"https:\/\/jugulajm.net\/index.php?rest_route=%2Fwp%2Fv2%2Ftags&post=93246"}],"curies":[{"name":"wp","href":"https:\/\/api.w.org\/{rel}","templated":true}]}}