{"id":93208,"date":"2025-11-12T11:58:20","date_gmt":"2025-11-12T10:58:20","guid":{"rendered":"https:\/\/jugulajm.net\/?p=93208"},"modified":"2025-11-12T11:58:20","modified_gmt":"2025-11-12T10:58:20","slug":"humb-jeten-52-vjecari-u-godit-me-grusht-nga-18-vjecari-prangoset-autori","status":"publish","type":"post","link":"https:\/\/jugulajm.net\/?p=93208","title":{"rendered":"Humb jet\u00ebn 52 vje\u00e7ari, u godit me grusht nga 18 vje\u00e7ari, prangoset autori"},"content":{"rendered":"<p>Nj\u00eb ngjarje e r\u00ebnd\u00eb \u00ebsht\u00eb regjistruar, ku nj\u00eb 55-vje\u00e7ar ka nd\u00ebrruar jet\u00eb pas nj\u00eb konflikti me nj\u00eb 18-vje\u00e7ar n\u00eb fshatin Shkallnur t\u00eb Durr\u00ebsit.<\/p>\n<p>Sipas burimeve zyrtare nga Policia e Durr\u00ebsit, ngjarja ka ndodhur kat\u00ebr dit\u00eb m\u00eb par\u00eb, kur viktima \u00ebsht\u00eb p\u00ebrfshir\u00eb n\u00eb nj\u00eb sherr me bashk\u00ebfshatarin e tij t\u00eb mitur.<\/p>\n<p>Konflikti dyshohet se ka nisur pasi 55-vje\u00e7ari kishte shar\u00eb nj\u00eb f\u00ebmij\u00eb t\u00eb vog\u00ebl, i cili m\u00eb pas ia kishte treguar ngjarjen v\u00ebllait t\u00eb tij 18-vje\u00e7ar.<\/p>\n<div class=\"readmore-text-here\">\n<p>I revoltuar, adoleshenti \u00ebsht\u00eb p\u00ebrballur me t\u00eb rriturin dhe e ka goditur disa her\u00eb me grushta, duke i shkaktuar d\u00ebmtime t\u00eb r\u00ebnda. 55-vje\u00e7ari \u00ebsht\u00eb d\u00ebrguar menj\u00ebher\u00eb n\u00eb spital n\u00eb gjendje kritike, por nuk ka mundur t\u2019u mbijetoj\u00eb plag\u00ebve dhe ka nd\u00ebrruar jet\u00eb sot.<\/p>\n<p>Policia e Durr\u00ebsit ka arrestuar 18-vje\u00e7arin, nd\u00ebrsa prokuroria ka nisur hetimet p\u00ebr t\u00eb zbardhur plot\u00ebsisht rrethanat e k\u00ebsaj ngjarjeje tragjike q\u00eb i mori jet\u00ebn nj\u00eb personi dhe \u00e7oi nj\u00eb t\u00eb mitur p\u00ebrpara drejt\u00ebsis\u00eb.<\/p>\n<p><strong>Njoftimi i policis\u00eb:<\/strong><\/p>\n<p><em>N\u00eb vijim t\u00eb njoftimit t\u00eb dh\u00ebn\u00eb m\u00eb dat\u00eb 09.11.2025, n\u00eb lidhje me procedimin penal t\u00eb 18-vje\u00e7arit, shtetasit L. \u00c7., pasi dyshohej se p\u00ebr motive t\u00eb dob\u00ebta, kishte goditur me grusht, shtetasin S. F., 52 vje\u00e7, njoftojm\u00eb se specialist\u00ebt p\u00ebr Hetimin e Krimeve ndaj Personit kryen ndalimin me iniciativ\u00eb t\u00eb shtetasit L. \u00c7., p\u00ebr vepr\u00ebn penale \u201cPlagosja e r\u00ebnd\u00eb me dashje\u201d, me pasoj\u00eb vdekjen. Nga hetimet e deritanishme rezulton se si pasoj\u00eb e goditjes me grusht, 52-vje\u00e7ari ka r\u00ebn\u00eb me kok\u00eb, n\u00eb tok\u00eb, n\u00eb nj\u00eb rrug\u00eb n\u00eb fshatin Arapaj, dhe pavar\u00ebsisht ndihm\u00ebs mjek\u00ebsore, ka humbur jet\u00ebn m\u00eb dat\u00eb 10.11.2025, rreth or\u00ebs 22:00, n\u00eb Spitalin e Traum\u00ebs.<\/em><\/p>\n<\/div>\n","protected":false},"excerpt":{"rendered":"<p>Nj\u00eb ngjarje e r\u00ebnd\u00eb \u00ebsht\u00eb regjistruar, ku nj\u00eb 55-vje\u00e7ar ka nd\u00ebrruar jet\u00eb pas nj\u00eb konflikti me nj\u00eb 18-vje\u00e7ar n\u00eb fshatin Shkallnur t\u00eb Durr\u00ebsit. Sipas burimeve zyrtare nga Policia e Durr\u00ebsit, ngjarja ka ndodhur kat\u00ebr dit\u00eb m\u00eb par\u00eb, kur viktima \u00ebsht\u00eb p\u00ebrfshir\u00eb n\u00eb nj\u00eb sherr me bashk\u00ebfshatarin e tij t\u00eb mitur. Konflikti dyshohet se ka nisur [&hellip;]<\/p>\n","protected":false},"author":5,"featured_media":88057,"comment_status":"closed","ping_status":"closed","sticky":false,"template":"","format":"standard","meta":{"footnotes":""},"categories":[1,6332,29228],"tags":[30543,24406,38952],"class_list":{"0":"post-93208","1":"post","2":"type-post","3":"status-publish","4":"format-standard","5":"has-post-thumbnail","7":"category-aktualitet","8":"category-te-fundit","9":"category-vendi","10":"tag-humb-jeten-52-vjecari","11":"tag-prangoset-autori","12":"tag-u-godit-me-grusht-nga-18-vjecari"},"_links":{"self":[{"href":"https:\/\/jugulajm.net\/index.php?rest_route=\/wp\/v2\/posts\/93208","targetHints":{"allow":["GET"]}}],"collection":[{"href":"https:\/\/jugulajm.net\/index.php?rest_route=\/wp\/v2\/posts"}],"about":[{"href":"https:\/\/jugulajm.net\/index.php?rest_route=\/wp\/v2\/types\/post"}],"author":[{"embeddable":true,"href":"https:\/\/jugulajm.net\/index.php?rest_route=\/wp\/v2\/users\/5"}],"replies":[{"embeddable":true,"href":"https:\/\/jugulajm.net\/index.php?rest_route=%2Fwp%2Fv2%2Fcomments&post=93208"}],"version-history":[{"count":1,"href":"https:\/\/jugulajm.net\/index.php?rest_route=\/wp\/v2\/posts\/93208\/revisions"}],"predecessor-version":[{"id":93209,"href":"https:\/\/jugulajm.net\/index.php?rest_route=\/wp\/v2\/posts\/93208\/revisions\/93209"}],"wp:featuredmedia":[{"embeddable":true,"href":"https:\/\/jugulajm.net\/index.php?rest_route=\/wp\/v2\/media\/88057"}],"wp:attachment":[{"href":"https:\/\/jugulajm.net\/index.php?rest_route=%2Fwp%2Fv2%2Fmedia&parent=93208"}],"wp:term":[{"taxonomy":"category","embeddable":true,"href":"https:\/\/jugulajm.net\/index.php?rest_route=%2Fwp%2Fv2%2Fcategories&post=93208"},{"taxonomy":"post_tag","embeddable":true,"href":"https:\/\/jugulajm.net\/index.php?rest_route=%2Fwp%2Fv2%2Ftags&post=93208"}],"curies":[{"name":"wp","href":"https:\/\/api.w.org\/{rel}","templated":true}]}}