{"id":93184,"date":"2025-11-11T15:04:59","date_gmt":"2025-11-11T14:04:59","guid":{"rendered":"https:\/\/jugulajm.net\/?p=93184"},"modified":"2025-11-11T15:10:52","modified_gmt":"2025-11-11T14:10:52","slug":"lajm-i-fundit-emri-vritet-1-person-me-arme-zjarri","status":"publish","type":"post","link":"https:\/\/jugulajm.net\/?p=93184","title":{"rendered":"LAJM I FUNDIT!! (EMRI) Vritet 1 person me arm\u00eb zjarri"},"content":{"rendered":"<p>Nj\u00eb ngjarje e r\u00ebnd\u00eb ndodhi mesditen e sotme, ku nj\u00eb person ka mbetur i vrar\u00eb dhe nj\u00eb tjet\u00ebr i plagosur r\u00ebnd\u00eb nga nj\u00eb atentat me arm\u00eb zjarri n\u00eb Rinas.<\/p>\n<p>Viktima dyshohet se \u00ebsht\u00eb Gilmando Dani, i njohur si krahu i djatht\u00eb i Emiljano Shullazit. I plagosuri tjeter eshte me mbiermin Muca.<\/p>\n<p>Si\u00e7 duket edhe nga k\u00ebto pamje, viktima ka qen\u00eb duke l\u00ebvizur n\u00eb nj\u00eb makin\u00eb t\u00eb bardh\u00eb. Disa kalimtar\u00eb t\u00eb rastit, por edhe polic\u00eb kan\u00eb shkuar n\u00eb ndihm\u00eb p\u00ebr t\u00eb hapur mjetin.<\/p>\n<p>Ngjarja ka ndodhur pak minuta m\u00eb par\u00eb n\u00eb pran\u00eb aeroportit t\u00eb Rinasit dhe p\u00ebr momentin nuk ka detaje t\u00eb tjera.<\/p>\n","protected":false},"excerpt":{"rendered":"<p>Nj\u00eb ngjarje e r\u00ebnd\u00eb ndodhi mesditen e sotme, ku nj\u00eb person ka mbetur i vrar\u00eb dhe nj\u00eb tjet\u00ebr i plagosur r\u00ebnd\u00eb nga nj\u00eb atentat me arm\u00eb zjarri n\u00eb Rinas. Viktima dyshohet se \u00ebsht\u00eb Gilmando Dani, i njohur si krahu i djatht\u00eb i Emiljano Shullazit. I plagosuri tjeter eshte me mbiermin Muca. Si\u00e7 duket edhe nga [&hellip;]<\/p>\n","protected":false},"author":5,"featured_media":64316,"comment_status":"closed","ping_status":"closed","sticky":false,"template":"","format":"standard","meta":{"footnotes":""},"categories":[1,6332,29228],"tags":[38941],"class_list":{"0":"post-93184","1":"post","2":"type-post","3":"status-publish","4":"format-standard","5":"has-post-thumbnail","7":"category-aktualitet","8":"category-te-fundit","9":"category-vendi","10":"tag-lajm-i-fundit-emri-vritet-1-person-me-arme-zjarri"},"_links":{"self":[{"href":"https:\/\/jugulajm.net\/index.php?rest_route=\/wp\/v2\/posts\/93184","targetHints":{"allow":["GET"]}}],"collection":[{"href":"https:\/\/jugulajm.net\/index.php?rest_route=\/wp\/v2\/posts"}],"about":[{"href":"https:\/\/jugulajm.net\/index.php?rest_route=\/wp\/v2\/types\/post"}],"author":[{"embeddable":true,"href":"https:\/\/jugulajm.net\/index.php?rest_route=\/wp\/v2\/users\/5"}],"replies":[{"embeddable":true,"href":"https:\/\/jugulajm.net\/index.php?rest_route=%2Fwp%2Fv2%2Fcomments&post=93184"}],"version-history":[{"count":4,"href":"https:\/\/jugulajm.net\/index.php?rest_route=\/wp\/v2\/posts\/93184\/revisions"}],"predecessor-version":[{"id":93188,"href":"https:\/\/jugulajm.net\/index.php?rest_route=\/wp\/v2\/posts\/93184\/revisions\/93188"}],"wp:featuredmedia":[{"embeddable":true,"href":"https:\/\/jugulajm.net\/index.php?rest_route=\/wp\/v2\/media\/64316"}],"wp:attachment":[{"href":"https:\/\/jugulajm.net\/index.php?rest_route=%2Fwp%2Fv2%2Fmedia&parent=93184"}],"wp:term":[{"taxonomy":"category","embeddable":true,"href":"https:\/\/jugulajm.net\/index.php?rest_route=%2Fwp%2Fv2%2Fcategories&post=93184"},{"taxonomy":"post_tag","embeddable":true,"href":"https:\/\/jugulajm.net\/index.php?rest_route=%2Fwp%2Fv2%2Ftags&post=93184"}],"curies":[{"name":"wp","href":"https:\/\/api.w.org\/{rel}","templated":true}]}}