{"id":93115,"date":"2025-11-08T11:56:36","date_gmt":"2025-11-08T10:56:36","guid":{"rendered":"https:\/\/jugulajm.net\/?p=93115"},"modified":"2025-11-08T11:58:09","modified_gmt":"2025-11-08T10:58:09","slug":"permetari-66-vjecar-4-dite-i-zhdukur-policia-kerkim-intesiv-gruaja-apelon-me-gjeni-burrin","status":"publish","type":"post","link":"https:\/\/jugulajm.net\/?p=93115","title":{"rendered":"P\u00ebrmetari 66-vje\u00e7ar 4-dit\u00eb i zhdukur, Policia n\u00eb k\u00ebrkim intesiv, gruaja apelon: M\u00eb gjeni burrin&#8230;"},"content":{"rendered":"<p>Nj\u00eb 66-vje\u00e7ar nga fshati Leshnic\u00eb i P\u00ebrmetit, prej kat\u00ebr dit\u00ebsh figuron i zhdukur nd\u00ebrsa familjar\u00ebt apelojn\u00eb p\u00ebr mb\u00ebshtetje nga strukturat shtet\u00ebrore n\u00eb operacionin e k\u00ebrkimit.<\/p>\n<p>Sipas tyre, Agron \u00c7umani u largua nga sht\u00ebpia m\u00ebngjesin e dat\u00ebs 4 n\u00ebntor dhe nuk \u00ebsht\u00eb kthyer m\u00eb, nd\u00ebrsa koh\u00ebt e fundit kishte shfaqur shenja t\u00eb lehta humbjeje kujtese.<\/p>\n<p>\u201cK\u00ebrkuam v\u00ebrdall\u00eb dhe nuk e gjet\u00ebm. N\u00eb or\u00ebn 8 t\u00eb mbr\u00ebmjes kam shkuar n\u00eb polici, b\u00ebra denoncimin dhe ata l\u00ebviz\u00ebn s\u00eb bashku me t\u00eb af\u00ebrmit. Kam k\u00ebrkuar t\u00ebr\u00eb nat\u00ebn, por nuk gjet\u00ebn gj\u00eb. K\u00ebrkojm\u00eb nga organet kompetente t\u00eb na gjendet zgjidhja, t\u00eb gjendet burri im, se vajti kat\u00ebr dit\u00eb dhe uj\u00eb n\u00eb zjarr nuk \u00ebsht\u00eb v\u00ebn\u00eb. Prandaj dua ndihm\u00eb,\u201d thot\u00eb bashk\u00ebshortja e tij, Flutura \u00c7umani.<\/p>\n<p>Shqet\u00ebsim p\u00ebr banor\u00ebt \u00ebsht\u00eb fakti q\u00eb n\u00eb k\u00ebt\u00eb zon\u00eb, vitet e fundit, figurojn\u00eb t\u00eb zhdukur edhe dy persona t\u00eb tjer\u00eb.<\/p>\n<div class=\"td-a-ad id_inline_ad2 id_ad_content-horiz-center\">Nga ana e saj, Policia e P\u00ebrmetit po b\u00ebn \u00e7\u00ebsht\u00eb e mundur, duke k\u00ebrkuar intensivisht p\u00ebr gjetjen e 66-vje\u00e7arit \u00c7umani.<\/div>\n","protected":false},"excerpt":{"rendered":"<p>Nj\u00eb 66-vje\u00e7ar nga fshati Leshnic\u00eb i P\u00ebrmetit, prej kat\u00ebr dit\u00ebsh figuron i zhdukur nd\u00ebrsa familjar\u00ebt apelojn\u00eb p\u00ebr mb\u00ebshtetje nga strukturat shtet\u00ebrore n\u00eb operacionin e k\u00ebrkimit. Sipas tyre, Agron \u00c7umani u largua nga sht\u00ebpia m\u00ebngjesin e dat\u00ebs 4 n\u00ebntor dhe nuk \u00ebsht\u00eb kthyer m\u00eb, nd\u00ebrsa koh\u00ebt e fundit kishte shfaqur shenja t\u00eb lehta humbjeje kujtese. \u201cK\u00ebrkuam [&hellip;]<\/p>\n","protected":false},"author":5,"featured_media":71784,"comment_status":"closed","ping_status":"closed","sticky":false,"template":"","format":"standard","meta":{"footnotes":""},"categories":[1,6332,29228],"tags":[38914,38912,38913],"class_list":{"0":"post-93115","1":"post","2":"type-post","3":"status-publish","4":"format-standard","5":"has-post-thumbnail","7":"category-aktualitet","8":"category-te-fundit","9":"category-vendi","10":"tag-gruaja-apelon-me-gjeni-burrin","11":"tag-permetari-66-vjecar-4-dite-i-zhdukur","12":"tag-policia-kerkim-intesiv"},"_links":{"self":[{"href":"https:\/\/jugulajm.net\/index.php?rest_route=\/wp\/v2\/posts\/93115","targetHints":{"allow":["GET"]}}],"collection":[{"href":"https:\/\/jugulajm.net\/index.php?rest_route=\/wp\/v2\/posts"}],"about":[{"href":"https:\/\/jugulajm.net\/index.php?rest_route=\/wp\/v2\/types\/post"}],"author":[{"embeddable":true,"href":"https:\/\/jugulajm.net\/index.php?rest_route=\/wp\/v2\/users\/5"}],"replies":[{"embeddable":true,"href":"https:\/\/jugulajm.net\/index.php?rest_route=%2Fwp%2Fv2%2Fcomments&post=93115"}],"version-history":[{"count":2,"href":"https:\/\/jugulajm.net\/index.php?rest_route=\/wp\/v2\/posts\/93115\/revisions"}],"predecessor-version":[{"id":93117,"href":"https:\/\/jugulajm.net\/index.php?rest_route=\/wp\/v2\/posts\/93115\/revisions\/93117"}],"wp:featuredmedia":[{"embeddable":true,"href":"https:\/\/jugulajm.net\/index.php?rest_route=\/wp\/v2\/media\/71784"}],"wp:attachment":[{"href":"https:\/\/jugulajm.net\/index.php?rest_route=%2Fwp%2Fv2%2Fmedia&parent=93115"}],"wp:term":[{"taxonomy":"category","embeddable":true,"href":"https:\/\/jugulajm.net\/index.php?rest_route=%2Fwp%2Fv2%2Fcategories&post=93115"},{"taxonomy":"post_tag","embeddable":true,"href":"https:\/\/jugulajm.net\/index.php?rest_route=%2Fwp%2Fv2%2Ftags&post=93115"}],"curies":[{"name":"wp","href":"https:\/\/api.w.org\/{rel}","templated":true}]}}