{"id":93088,"date":"2025-11-07T13:27:25","date_gmt":"2025-11-07T12:27:25","guid":{"rendered":"https:\/\/jugulajm.net\/?p=93088"},"modified":"2025-11-07T13:27:25","modified_gmt":"2025-11-07T12:27:25","slug":"kushtetuesja-e-riktheu-ne-detyre-reagon-veliaj","status":"publish","type":"post","link":"https:\/\/jugulajm.net\/?p=93088","title":{"rendered":"Kushtetuesja e riktheu n\u00eb detyr\u00eb, reagon Veliaj&#8230;"},"content":{"rendered":"<p>Erion Veliaj ka reaguar p\u00ebr her\u00eb t\u00eb par\u00eb pas vendimit t\u00eb Gjykat\u00ebs Kushtetuese q\u00eb vendosi ta rikthente n\u00eb detyr\u00eb duke rr\u00ebzuar vendimin e shkarkimit nga K\u00ebshilli i Ministrave.<\/p>\n<p><strong>Reagimi i Veliajt:<\/strong><\/p>\n<p>T\u00eb dashur miq,<\/p>\n<p>P\u00ebr shkak t\u00eb kushteve ku ndodhem, vet\u00ebm tani munda t\u00eb \u00e7oj k\u00ebt\u00eb pusull\u00eb-postim me avokat\u00ebt.<\/p>\n<p>Drejt\u00ebsia kushtetuese foli.<\/p>\n<p>Vendimi i Gjykat\u00ebs Kushtetuese nuk ishte nj\u00eb vendim p\u00ebr t\u00eb m\u00eb kthyer mandatin mua, por p\u00ebr t\u2019ua kthyer atyre q\u00eb ju p\u00ebrket, popullit t\u00eb Tiran\u00ebs.<\/p>\n<p>Ky nuk \u00ebsht\u00eb nj\u00eb vendim p\u00ebr nj\u00eb njeri, por p\u00ebr demokracin\u00eb shqiptare, p\u00ebr vot\u00ebn e lir\u00eb dhe p\u00ebr \u00e7do qytetar q\u00eb beson se pushteti buron nga populli dhe i p\u00ebrket atij.<\/p>\n<p>Gjykata Kushtetuese rivendosi jo thjesht nj\u00eb mandat, por dinjitetin e ligjit dhe besimin se shteti ka ende busull. E drejta mund t\u00eb vonoj\u00eb, por nuk harron.<\/p>\n<p>Faleminderit \u00e7do qytetari t\u00eb Tiran\u00ebs q\u00eb besoi, q\u00eb priti dhe q\u00eb nuk u dor\u00ebzua.<\/p>\n<p>Un\u00eb do t\u00eb b\u00ebj \u00e7do gj\u00eb q\u00eb \u00ebsht\u00eb n\u00eb dor\u00ebn time, q\u00eb puna t\u00eb vijoj\u00eb, dhe do t\u00eb k\u00ebrkoj pa u ndalur q\u00eb t\u00eb mos pengohem n\u00eb ushtrimin e mandatit q\u00eb m\u00eb keni besuar.<\/p>\n<p>Tirana nuk ndalet. Ju dua shum\u00eb!<\/p>\n","protected":false},"excerpt":{"rendered":"<p>Erion Veliaj ka reaguar p\u00ebr her\u00eb t\u00eb par\u00eb pas vendimit t\u00eb Gjykat\u00ebs Kushtetuese q\u00eb vendosi ta rikthente n\u00eb detyr\u00eb duke rr\u00ebzuar vendimin e shkarkimit nga K\u00ebshilli i Ministrave. Reagimi i Veliajt: T\u00eb dashur miq, P\u00ebr shkak t\u00eb kushteve ku ndodhem, vet\u00ebm tani munda t\u00eb \u00e7oj k\u00ebt\u00eb pusull\u00eb-postim me avokat\u00ebt. Drejt\u00ebsia kushtetuese foli. Vendimi i Gjykat\u00ebs [&hellip;]<\/p>\n","protected":false},"author":5,"featured_media":84565,"comment_status":"closed","ping_status":"closed","sticky":false,"template":"","format":"standard","meta":{"footnotes":""},"categories":[6332,29228],"tags":[38898,38899],"class_list":{"0":"post-93088","1":"post","2":"type-post","3":"status-publish","4":"format-standard","5":"has-post-thumbnail","7":"category-te-fundit","8":"category-vendi","9":"tag-gjykata-kushtetuese-e-riktheu-ne-detyre","10":"tag-reagon-per-here-te-pare-erion-veliaj"},"_links":{"self":[{"href":"https:\/\/jugulajm.net\/index.php?rest_route=\/wp\/v2\/posts\/93088","targetHints":{"allow":["GET"]}}],"collection":[{"href":"https:\/\/jugulajm.net\/index.php?rest_route=\/wp\/v2\/posts"}],"about":[{"href":"https:\/\/jugulajm.net\/index.php?rest_route=\/wp\/v2\/types\/post"}],"author":[{"embeddable":true,"href":"https:\/\/jugulajm.net\/index.php?rest_route=\/wp\/v2\/users\/5"}],"replies":[{"embeddable":true,"href":"https:\/\/jugulajm.net\/index.php?rest_route=%2Fwp%2Fv2%2Fcomments&post=93088"}],"version-history":[{"count":1,"href":"https:\/\/jugulajm.net\/index.php?rest_route=\/wp\/v2\/posts\/93088\/revisions"}],"predecessor-version":[{"id":93089,"href":"https:\/\/jugulajm.net\/index.php?rest_route=\/wp\/v2\/posts\/93088\/revisions\/93089"}],"wp:featuredmedia":[{"embeddable":true,"href":"https:\/\/jugulajm.net\/index.php?rest_route=\/wp\/v2\/media\/84565"}],"wp:attachment":[{"href":"https:\/\/jugulajm.net\/index.php?rest_route=%2Fwp%2Fv2%2Fmedia&parent=93088"}],"wp:term":[{"taxonomy":"category","embeddable":true,"href":"https:\/\/jugulajm.net\/index.php?rest_route=%2Fwp%2Fv2%2Fcategories&post=93088"},{"taxonomy":"post_tag","embeddable":true,"href":"https:\/\/jugulajm.net\/index.php?rest_route=%2Fwp%2Fv2%2Ftags&post=93088"}],"curies":[{"name":"wp","href":"https:\/\/api.w.org\/{rel}","templated":true}]}}