{"id":93079,"date":"2025-11-07T10:42:47","date_gmt":"2025-11-07T09:42:47","guid":{"rendered":"https:\/\/jugulajm.net\/?p=93079"},"modified":"2025-11-07T10:43:08","modified_gmt":"2025-11-07T09:43:08","slug":"rama-tirana-nuk-mund-te-mbetet-pa-drejtues-kushtetuesja-duhet-te-lejoje-veliajn-te-gjykohet-ne-liri","status":"publish","type":"post","link":"https:\/\/jugulajm.net\/?p=93079","title":{"rendered":"Rama: Tirana s&#8217;mund t\u00eb mbetet pa drejtues, Kushtetuesja duhet t\u00eb lejoj\u00eb Veliajn t\u00eb gjykohet n\u00eb liri"},"content":{"rendered":"<p>Kryeministri Edi Rama, n\u00eb episodin m\u00eb t\u00eb fundit t\u00eb podkastit t\u00eb tij \u201cFlasim\u201d, ka komentuar p\u00ebr her\u00eb t\u00eb par\u00eb publikisht vendimin e Gjykat\u00ebs Kushtetuese q\u00eb lidhet me situat\u00ebn e krijuar rreth kryetarit t\u00eb Bashkis\u00eb Tiran\u00eb, Erion Veliaj.<\/p>\n<p>Rama paralajm\u00ebroi se n\u00ebse n\u00eb Tiran\u00eb nuk zhvillohen zgjedhje deri n\u00eb vitin 2027, vendi do t\u00eb p\u00ebrballet me nj\u00eb \u201cdisproporcion t\u00eb dyfisht\u00eb\u201d, pasi kryeqyteti \u201cnuk mund t\u00eb mbetet pa drejtues t\u00eb zgjedhur\u201d.<\/p>\n<p>\u201cKa disa rrjedhime logjike nga ky vendim q\u00eb dua t\u2019i n\u00ebnvizoj. Si\u00e7 duket, dhe nuk \u00ebsht\u00eb hera e par\u00eb q\u00eb duket p\u00ebr ata q\u00eb duan t\u00eb shohin, un\u00eb nuk i paskam kapur t\u00eb gjitha pushtetet\u201d, tha Rama me ironi, duke iu p\u00ebrgjigjur kritik\u00ebve q\u00eb e akuzojn\u00eb p\u00ebr kontroll t\u00eb institucioneve.<\/p>\n<p>Kryeministri theksoi se Gjykata Kushtetuese duhet t\u00eb lejoj\u00eb q\u00eb Veliaj t\u00eb gjykohet n\u00eb liri, pasi \u201cmbajtja e tij n\u00eb qeli \u00ebsht\u00eb n\u00eb d\u00ebm t\u00eb qytetar\u00ebve\u201d.<\/p>\n<p>\u201cN\u00ebse Tirana nuk do t\u00eb ket\u00eb zgjedhje deri n\u00eb 2027, jemi p\u00ebrball\u00eb nj\u00eb disproporcioni t\u00eb dyfisht\u00eb: mbajtja e tij n\u00eb qeli n\u00eb d\u00ebm t\u00eb qytetar\u00ebve p\u00ebr t\u2019u sh\u00ebrbyer nga i drejti. M\u00eb duket se \u00ebsht\u00eb normale q\u00eb Kushtetuesja, kur t\u00eb gjykoj\u00eb mas\u00ebn, ta liroj\u00eb dhe gjykimi t\u00eb vijoj\u00eb n\u00eb liri.\u201d<\/p>\n<p>Rama shtoi se Tirana \u201cnuk mund t\u00eb jet\u00eb nj\u00eb trup pa kok\u00eb\u201d, duke e cil\u00ebsuar situat\u00ebn aktuale si \u201cng\u00ebr\u00e7 absurd\u201d.<\/p>\n<p>\u201cTirana duhet drejtuar. Kryeqyteti ka nevoj\u00eb p\u00ebr t\u00eb zgjedhurin e vet n\u00eb krye. Kush ka n\u00eb dor\u00eb t\u00eb ndihmoj\u00eb n\u00eb zgjidhjen e k\u00ebtij ng\u00ebr\u00e7i, duhet ta b\u00ebj\u00eb. Kryeqyteti s\u2019mund t\u00eb trajtohet si jetim. Ky \u00ebsht\u00eb skandal n\u00eb vetvete\u201d, p\u00ebrfundoi Rama.<\/p>\n<p>Kjo \u00ebsht\u00eb deklarata m\u00eb e drejtp\u00ebrdrejt\u00eb e kryeministrit q\u00eb prej vendimit t\u00eb Kushtetueses, e cila ka ngrir\u00eb p\u00ebrkoh\u00ebsisht zhvillimin e zgjedhjeve n\u00eb Tiran\u00eb, duke l\u00ebn\u00eb pezull t\u00eb ardhmen e drejtimit t\u00eb Bashkis\u00eb.<\/p>\n","protected":false},"excerpt":{"rendered":"<p>Kryeministri Edi Rama, n\u00eb episodin m\u00eb t\u00eb fundit t\u00eb podkastit t\u00eb tij \u201cFlasim\u201d, ka komentuar p\u00ebr her\u00eb t\u00eb par\u00eb publikisht vendimin e Gjykat\u00ebs Kushtetuese q\u00eb lidhet me situat\u00ebn e krijuar rreth kryetarit t\u00eb Bashkis\u00eb Tiran\u00eb, Erion Veliaj. Rama paralajm\u00ebroi se n\u00ebse n\u00eb Tiran\u00eb nuk zhvillohen zgjedhje deri n\u00eb vitin 2027, vendi do t\u00eb p\u00ebrballet me [&hellip;]<\/p>\n","protected":false},"author":5,"featured_media":84579,"comment_status":"closed","ping_status":"closed","sticky":false,"template":"","format":"standard","meta":{"footnotes":""},"categories":[6326,6332,29228],"tags":[38895,38894],"class_list":{"0":"post-93079","1":"post","2":"type-post","3":"status-publish","4":"format-standard","5":"has-post-thumbnail","7":"category-politike","8":"category-te-fundit","9":"category-vendi","10":"tag-kushtetuesja-duhet-te-lejoje-veliajn-te-gjykohet-ne-liri","11":"tag-rama-tirana-nuk-mund-te-mbetet-pa-drejtues"},"_links":{"self":[{"href":"https:\/\/jugulajm.net\/index.php?rest_route=\/wp\/v2\/posts\/93079","targetHints":{"allow":["GET"]}}],"collection":[{"href":"https:\/\/jugulajm.net\/index.php?rest_route=\/wp\/v2\/posts"}],"about":[{"href":"https:\/\/jugulajm.net\/index.php?rest_route=\/wp\/v2\/types\/post"}],"author":[{"embeddable":true,"href":"https:\/\/jugulajm.net\/index.php?rest_route=\/wp\/v2\/users\/5"}],"replies":[{"embeddable":true,"href":"https:\/\/jugulajm.net\/index.php?rest_route=%2Fwp%2Fv2%2Fcomments&post=93079"}],"version-history":[{"count":2,"href":"https:\/\/jugulajm.net\/index.php?rest_route=\/wp\/v2\/posts\/93079\/revisions"}],"predecessor-version":[{"id":93081,"href":"https:\/\/jugulajm.net\/index.php?rest_route=\/wp\/v2\/posts\/93079\/revisions\/93081"}],"wp:featuredmedia":[{"embeddable":true,"href":"https:\/\/jugulajm.net\/index.php?rest_route=\/wp\/v2\/media\/84579"}],"wp:attachment":[{"href":"https:\/\/jugulajm.net\/index.php?rest_route=%2Fwp%2Fv2%2Fmedia&parent=93079"}],"wp:term":[{"taxonomy":"category","embeddable":true,"href":"https:\/\/jugulajm.net\/index.php?rest_route=%2Fwp%2Fv2%2Fcategories&post=93079"},{"taxonomy":"post_tag","embeddable":true,"href":"https:\/\/jugulajm.net\/index.php?rest_route=%2Fwp%2Fv2%2Ftags&post=93079"}],"curies":[{"name":"wp","href":"https:\/\/api.w.org\/{rel}","templated":true}]}}