{"id":93053,"date":"2025-11-06T13:47:17","date_gmt":"2025-11-06T12:47:17","guid":{"rendered":"https:\/\/jugulajm.net\/?p=93053"},"modified":"2025-11-06T13:48:30","modified_gmt":"2025-11-06T12:48:30","slug":"qindra-qytetare-proteste-para-kuvendit-kunder-projektligjit-per-barazine-gjinore","status":"publish","type":"post","link":"https:\/\/jugulajm.net\/?p=93053","title":{"rendered":"Qindra qytetar\u00eb protest\u00eb para Kuvendit kund\u00ebr projektligjit \u201cP\u00ebr barazin\u00eb gjinore\u201d"},"content":{"rendered":"<p class=\"selectionShareable\">Qindra qytetar\u00eb u mblodh\u00ebn jasht\u00eb Kuvendit n\u00eb nj\u00eb protest\u00eb kund\u00ebr projektligjit \u201cP\u00ebr barazin\u00eb gjinore\u201d q\u00eb \u00ebsht\u00eb futur p\u00ebr t\u2019u miratuar n\u00eb seanc\u00eb me votat e socialist\u00ebve.<\/p>\n<p class=\"selectionShareable\">Protestuesit mbanin n\u00eb duar pankarta ku shkruhej \u201cKa vet\u00ebm dy gjini, mashkull dhe fem\u00ebr\u201d. Ata shpreh\u00ebn shqet\u00ebsimin se ligji cenon tradit\u00ebn shqiptare.<\/p>\n<p class=\"selectionShareable\">Protesta u organizua nga Koalicioni Pro Familjes dhe Jet\u00ebs i cili deklaroi se projektligji ndryshon me dhun\u00eb nocionet e burrit dhe gruas, duke mos respektuar parimet e bazuara n\u00eb kultur\u00ebn dhe tradit\u00ebn komb\u00ebtare. Sipas tyre, edhe pse disa p\u00ebrkufizime n\u00eb nenin 4, q\u00eb tregojn\u00eb qart\u00eb se gjinia \u00ebsht\u00eb burr\u00eb ose grua, jan\u00eb miratuar dhe ndryshuar, k\u00ebto nuk jan\u00eb pasqyruar n\u00eb nenet e tjera t\u00eb ligjit.<\/p>\n<p class=\"selectionShareable\">Ata kund\u00ebrshtuan p\u00ebrdorimin e togfjal\u00ebshit \u201cgjinia gjithp\u00ebrfshir\u00ebs\u201d n\u00eb nenet e tjera t\u00eb projektligjit, duke p\u00ebrmendur konkretisht Nenit 10, ku sipas tyre kjo formul\u00eb mund t\u00eb krijoj\u00eb paqart\u00ebsi dhe t\u00eb ndryshoj\u00eb kuptimin e parimeve themelore t\u00eb gjinis\u00eb.<\/p>\n<p class=\"selectionShareable\">M\u00eb her\u00ebt deputet\u00ebt e PD-s\u00eb kund\u00ebrshtuan projektligjin gjat\u00eb seanc\u00ebs n\u00eb Kuvend \u00a0teksa deklaruan se ai shkat\u00ebrron bazat e familjes.<\/p>\n","protected":false},"excerpt":{"rendered":"<p>Qindra qytetar\u00eb u mblodh\u00ebn jasht\u00eb Kuvendit n\u00eb nj\u00eb protest\u00eb kund\u00ebr projektligjit \u201cP\u00ebr barazin\u00eb gjinore\u201d q\u00eb \u00ebsht\u00eb futur p\u00ebr t\u2019u miratuar n\u00eb seanc\u00eb me votat e socialist\u00ebve. Protestuesit mbanin n\u00eb duar pankarta ku shkruhej \u201cKa vet\u00ebm dy gjini, mashkull dhe fem\u00ebr\u201d. Ata shpreh\u00ebn shqet\u00ebsimin se ligji cenon tradit\u00ebn shqiptare. Protesta u organizua nga Koalicioni Pro Familjes [&hellip;]<\/p>\n","protected":false},"author":5,"featured_media":93054,"comment_status":"closed","ping_status":"closed","sticky":false,"template":"","format":"standard","meta":{"footnotes":""},"categories":[1,6332,29228],"tags":[38881],"class_list":{"0":"post-93053","1":"post","2":"type-post","3":"status-publish","4":"format-standard","5":"has-post-thumbnail","7":"category-aktualitet","8":"category-te-fundit","9":"category-vendi","10":"tag-qindra-qytetare-proteste-para-kuvendit-kunder-projektligjit-per-barazine-gjinore"},"_links":{"self":[{"href":"https:\/\/jugulajm.net\/index.php?rest_route=\/wp\/v2\/posts\/93053","targetHints":{"allow":["GET"]}}],"collection":[{"href":"https:\/\/jugulajm.net\/index.php?rest_route=\/wp\/v2\/posts"}],"about":[{"href":"https:\/\/jugulajm.net\/index.php?rest_route=\/wp\/v2\/types\/post"}],"author":[{"embeddable":true,"href":"https:\/\/jugulajm.net\/index.php?rest_route=\/wp\/v2\/users\/5"}],"replies":[{"embeddable":true,"href":"https:\/\/jugulajm.net\/index.php?rest_route=%2Fwp%2Fv2%2Fcomments&post=93053"}],"version-history":[{"count":1,"href":"https:\/\/jugulajm.net\/index.php?rest_route=\/wp\/v2\/posts\/93053\/revisions"}],"predecessor-version":[{"id":93055,"href":"https:\/\/jugulajm.net\/index.php?rest_route=\/wp\/v2\/posts\/93053\/revisions\/93055"}],"wp:featuredmedia":[{"embeddable":true,"href":"https:\/\/jugulajm.net\/index.php?rest_route=\/wp\/v2\/media\/93054"}],"wp:attachment":[{"href":"https:\/\/jugulajm.net\/index.php?rest_route=%2Fwp%2Fv2%2Fmedia&parent=93053"}],"wp:term":[{"taxonomy":"category","embeddable":true,"href":"https:\/\/jugulajm.net\/index.php?rest_route=%2Fwp%2Fv2%2Fcategories&post=93053"},{"taxonomy":"post_tag","embeddable":true,"href":"https:\/\/jugulajm.net\/index.php?rest_route=%2Fwp%2Fv2%2Ftags&post=93053"}],"curies":[{"name":"wp","href":"https:\/\/api.w.org\/{rel}","templated":true}]}}