{"id":93035,"date":"2025-11-05T17:40:09","date_gmt":"2025-11-05T16:40:09","guid":{"rendered":"https:\/\/jugulajm.net\/?p=93035"},"modified":"2025-11-05T17:40:09","modified_gmt":"2025-11-05T16:40:09","slug":"ndryshime-ne-qeveri-emerime-dhe-lirime-nga-detyra-ne-disa-ministri","status":"publish","type":"post","link":"https:\/\/jugulajm.net\/?p=93035","title":{"rendered":"Ndryshime n\u00eb qeveri, em\u00ebrime dhe lirime nga detyra n\u00eb disa ministri"},"content":{"rendered":"<p><strong>Njoftimi i K\u00ebshillit t\u00eb Ministrave:<\/strong><\/p>\n<p>N\u00eb mbledhjen e sotme u propozuan edhe disa ndryshime n\u00eb p\u00ebrb\u00ebrjen e disa institucioneve.<\/p>\n<p>\u2013 Znj. Armela Baka em\u00ebrohet z\u00ebvend\u00ebsminist\u00ebr i Arsimit.<\/p>\n<p>\u2013 Z. Endrit Hoxha, z\u00ebvend\u00ebsminist\u00ebr i Arsimit dhe Sportit, lirohet nga kjo detyr\u00eb.<\/p>\n<p>\u2013 Z. Martin Kajo em\u00ebrohet z\u00ebvend\u00ebsminist\u00ebr i Ekonomis\u00eb dhe Inovacionit.<\/p>\n<p>\u2013 Z. Sokol Duma, z\u00ebvend\u00ebsminist\u00ebr i Ekonomis\u00eb, Kultur\u00ebs dhe Inovacionit, lirohet nga kjo detyr\u00eb.<\/p>\n<p>\u2013 Lirimin e z. Ermal Nufi, an\u00ebtar i k\u00ebshillit drejtues t\u00eb Agjencis\u00eb Shtet\u00ebrore t\u00eb Kadastr\u00ebs, p\u00ebrfaq\u00ebsues i Ministris\u00eb s\u00eb Infrastruktur\u00ebs dhe Energjis\u00eb, dhe em\u00ebrimin e znj. Viola Haxhiademi an\u00ebtar t\u00eb k\u00ebshillit drejtues t\u00eb Agjencis\u00eb Shtet\u00ebrore t\u00eb Kadastr\u00ebs, p\u00ebrfaq\u00ebsues i Ministris\u00eb s\u00eb Infrastruktur\u00ebs dhe Energjis\u00eb.<\/p>\n<p>\u2013 Lirimin e z. Alban M\u00ebsonj\u00ebsi, an\u00ebtar i k\u00ebshillit drejtues t\u00eb Agjencis\u00eb Shtet\u00ebrore t\u00eb Kadastr\u00ebs, p\u00ebrfaq\u00ebsues i Ministris\u00eb s\u00eb Bujq\u00ebsis\u00eb dhe Zhvillimit Rural, dhe em\u00ebrimin e z. Dritan Palnikaj an\u00ebtar t\u00eb k\u00ebshillit drejtues t\u00eb Agjencis\u00eb Shtet\u00ebrore t\u00eb Kadastr\u00ebs, p\u00ebrfaq\u00ebsues i Ministris\u00eb s\u00eb Bujq\u00ebsis\u00eb dhe Zhvillimit Rural.<\/p>\n","protected":false},"excerpt":{"rendered":"<p>Njoftimi i K\u00ebshillit t\u00eb Ministrave: N\u00eb mbledhjen e sotme u propozuan edhe disa ndryshime n\u00eb p\u00ebrb\u00ebrjen e disa institucioneve. \u2013 Znj. Armela Baka em\u00ebrohet z\u00ebvend\u00ebsminist\u00ebr i Arsimit. \u2013 Z. Endrit Hoxha, z\u00ebvend\u00ebsminist\u00ebr i Arsimit dhe Sportit, lirohet nga kjo detyr\u00eb. \u2013 Z. Martin Kajo em\u00ebrohet z\u00ebvend\u00ebsminist\u00ebr i Ekonomis\u00eb dhe Inovacionit. \u2013 Z. Sokol Duma, z\u00ebvend\u00ebsminist\u00ebr [&hellip;]<\/p>\n","protected":false},"author":5,"featured_media":64707,"comment_status":"closed","ping_status":"closed","sticky":false,"template":"","format":"standard","meta":{"footnotes":""},"categories":[6326,6332,29228],"tags":[38874,38873],"class_list":{"0":"post-93035","1":"post","2":"type-post","3":"status-publish","4":"format-standard","5":"has-post-thumbnail","7":"category-politike","8":"category-te-fundit","9":"category-vendi","10":"tag-emerime-dhe-lirime-nga-detyra-ne-disa-ministri","11":"tag-ndryshime-ne-qeveri"},"_links":{"self":[{"href":"https:\/\/jugulajm.net\/index.php?rest_route=\/wp\/v2\/posts\/93035","targetHints":{"allow":["GET"]}}],"collection":[{"href":"https:\/\/jugulajm.net\/index.php?rest_route=\/wp\/v2\/posts"}],"about":[{"href":"https:\/\/jugulajm.net\/index.php?rest_route=\/wp\/v2\/types\/post"}],"author":[{"embeddable":true,"href":"https:\/\/jugulajm.net\/index.php?rest_route=\/wp\/v2\/users\/5"}],"replies":[{"embeddable":true,"href":"https:\/\/jugulajm.net\/index.php?rest_route=%2Fwp%2Fv2%2Fcomments&post=93035"}],"version-history":[{"count":1,"href":"https:\/\/jugulajm.net\/index.php?rest_route=\/wp\/v2\/posts\/93035\/revisions"}],"predecessor-version":[{"id":93036,"href":"https:\/\/jugulajm.net\/index.php?rest_route=\/wp\/v2\/posts\/93035\/revisions\/93036"}],"wp:featuredmedia":[{"embeddable":true,"href":"https:\/\/jugulajm.net\/index.php?rest_route=\/wp\/v2\/media\/64707"}],"wp:attachment":[{"href":"https:\/\/jugulajm.net\/index.php?rest_route=%2Fwp%2Fv2%2Fmedia&parent=93035"}],"wp:term":[{"taxonomy":"category","embeddable":true,"href":"https:\/\/jugulajm.net\/index.php?rest_route=%2Fwp%2Fv2%2Fcategories&post=93035"},{"taxonomy":"post_tag","embeddable":true,"href":"https:\/\/jugulajm.net\/index.php?rest_route=%2Fwp%2Fv2%2Ftags&post=93035"}],"curies":[{"name":"wp","href":"https:\/\/api.w.org\/{rel}","templated":true}]}}