{"id":93012,"date":"2025-11-05T10:06:11","date_gmt":"2025-11-05T09:06:11","guid":{"rendered":"https:\/\/jugulajm.net\/?p=93012"},"modified":"2025-11-05T10:07:20","modified_gmt":"2025-11-05T09:07:20","slug":"plagoset-me-thike-zyrtari-i-be-ne-kosove","status":"publish","type":"post","link":"https:\/\/jugulajm.net\/?p=93012","title":{"rendered":"EMRI\/ Plagoset me thIk\u00eb zyrtari i BE n\u00eb Kosov\u00eb"},"content":{"rendered":"<p>Nj\u00eb zyrtar i Zyr\u00ebs s\u00eb Bashkimit Evropian Gjakov\u00eb \u00ebsht\u00eb d\u00ebrguar me urgjenc\u00eb n\u00eb QKUK pas plag\u00ebve t\u00eb r\u00ebnda t\u00eb marra me thik\u00eb.<\/p>\n<p>Mediat e Kosov\u00ebs shkruajn\u00eb se ngjarja ka ndodhur dje kur fillimisht n\u00eb Urgjenc\u00ebn e QKMF-s\u00eb n\u00eb Gjakov\u00eb \u00ebsht\u00eb paraqitur nj\u00eb person i plagosur, i cili m\u00eb pas \u00ebsht\u00eb transferuar n\u00eb Spitalin Rajonal \u201cIsa Grezda\u201d p\u00ebr trajtim t\u00eb m\u00ebtejm\u00eb. P\u00ebr shkak t\u00eb gjendjes s\u00eb tij sh\u00ebndet\u00ebsore, ai m\u00eb pas \u00ebsht\u00eb transportuar n\u00eb QKUK.<\/p>\n<p>Personi i plagosur \u00ebsht\u00eb identifikuar si Stefan Ilianov Sheynov, rreth 49-vje\u00e7ar, zyrtar i Zyr\u00ebs s\u00eb BE-s\u00eb, i cili g\u00ebzon imunitet diplomatik. Sipas t\u00eb dh\u00ebnave fillestare mjek\u00ebsore, ai ka dy plag\u00eb shpuese, nj\u00eb n\u00eb qaf\u00eb dhe nj\u00eb n\u00eb gjoks, q\u00eb dyshohet t\u00eb jen\u00eb shkaktuar nga nj\u00eb mjet i mpreht\u00eb.<\/p>\n<p>Sheynov nuk ka qen\u00eb n\u00eb gjendje t\u00eb jap\u00eb deklarat\u00eb dhe deri m\u00eb tani vendndodhja e ngjarjes, rrethanat dhe autori mbeten t\u00eb panjohura.<\/p>\n<p>N\u00eb rast jan\u00eb p\u00ebrfshir\u00eb nj\u00ebsit\u00eb hetimore t\u00eb Drejtoris\u00eb Rajonale t\u00eb Policis\u00eb n\u00eb Gjakov\u00eb, nd\u00ebrsa me urdh\u00ebr t\u00eb Prokurorit t\u00eb Krimeve t\u00eb R\u00ebnda, rasti \u00ebsht\u00eb iniciuar si \u201cVrasje n\u00eb tentativ\u00eb\u201d.<\/p>\n","protected":false},"excerpt":{"rendered":"<p>Nj\u00eb zyrtar i Zyr\u00ebs s\u00eb Bashkimit Evropian Gjakov\u00eb \u00ebsht\u00eb d\u00ebrguar me urgjenc\u00eb n\u00eb QKUK pas plag\u00ebve t\u00eb r\u00ebnda t\u00eb marra me thik\u00eb. Mediat e Kosov\u00ebs shkruajn\u00eb se ngjarja ka ndodhur dje kur fillimisht n\u00eb Urgjenc\u00ebn e QKMF-s\u00eb n\u00eb Gjakov\u00eb \u00ebsht\u00eb paraqitur nj\u00eb person i plagosur, i cili m\u00eb pas \u00ebsht\u00eb transferuar n\u00eb Spitalin Rajonal \u201cIsa [&hellip;]<\/p>\n","protected":false},"author":5,"featured_media":68996,"comment_status":"closed","ping_status":"closed","sticky":false,"template":"","format":"standard","meta":{"footnotes":""},"categories":[1,27451,6332],"tags":[38861],"class_list":{"0":"post-93012","1":"post","2":"type-post","3":"status-publish","4":"format-standard","5":"has-post-thumbnail","7":"category-aktualitet","8":"category-kosova","9":"category-te-fundit","10":"tag-plagoset-me-thike-zyrtari-i-be-ne-kosove"},"_links":{"self":[{"href":"https:\/\/jugulajm.net\/index.php?rest_route=\/wp\/v2\/posts\/93012","targetHints":{"allow":["GET"]}}],"collection":[{"href":"https:\/\/jugulajm.net\/index.php?rest_route=\/wp\/v2\/posts"}],"about":[{"href":"https:\/\/jugulajm.net\/index.php?rest_route=\/wp\/v2\/types\/post"}],"author":[{"embeddable":true,"href":"https:\/\/jugulajm.net\/index.php?rest_route=\/wp\/v2\/users\/5"}],"replies":[{"embeddable":true,"href":"https:\/\/jugulajm.net\/index.php?rest_route=%2Fwp%2Fv2%2Fcomments&post=93012"}],"version-history":[{"count":2,"href":"https:\/\/jugulajm.net\/index.php?rest_route=\/wp\/v2\/posts\/93012\/revisions"}],"predecessor-version":[{"id":93014,"href":"https:\/\/jugulajm.net\/index.php?rest_route=\/wp\/v2\/posts\/93012\/revisions\/93014"}],"wp:featuredmedia":[{"embeddable":true,"href":"https:\/\/jugulajm.net\/index.php?rest_route=\/wp\/v2\/media\/68996"}],"wp:attachment":[{"href":"https:\/\/jugulajm.net\/index.php?rest_route=%2Fwp%2Fv2%2Fmedia&parent=93012"}],"wp:term":[{"taxonomy":"category","embeddable":true,"href":"https:\/\/jugulajm.net\/index.php?rest_route=%2Fwp%2Fv2%2Fcategories&post=93012"},{"taxonomy":"post_tag","embeddable":true,"href":"https:\/\/jugulajm.net\/index.php?rest_route=%2Fwp%2Fv2%2Ftags&post=93012"}],"curies":[{"name":"wp","href":"https:\/\/api.w.org\/{rel}","templated":true}]}}