{"id":92998,"date":"2025-11-04T13:17:27","date_gmt":"2025-11-04T12:17:27","guid":{"rendered":"https:\/\/jugulajm.net\/?p=92998"},"modified":"2025-11-04T13:17:56","modified_gmt":"2025-11-04T12:17:56","slug":"kurti-propozon-glauk-konjufcen-per-kryeminister-te-kosoves","status":"publish","type":"post","link":"https:\/\/jugulajm.net\/?p=92998","title":{"rendered":"Albin Kurti propozon Glauk Konjufc\u00ebn p\u00ebr kryeminist\u00ebr t\u00eb Kosov\u00ebs"},"content":{"rendered":"<p>Kryetari i L\u00ebvizjes Vet\u00ebvendosje, Albin Kurti, ka propozuar n\u00ebnkryetarin e partis\u00eb, Glauk Konjufca, si mandatar t\u00eb dyt\u00eb p\u00ebr kryeminist\u00ebr t\u00eb Kosov\u00ebs.<\/p>\n<p>Ky propozim u b\u00eb gjat\u00eb mbledhjes s\u00eb K\u00ebshillit t\u00eb P\u00ebrgjithsh\u00ebm t\u00eb LVV-s\u00eb, nj\u00eb dit\u00eb para skadimit t\u00eb afatit 10-ditor t\u00eb presidentes Vjosa Osmani p\u00ebr t\u2019i dh\u00ebn\u00eb dikujt mandatin p\u00ebr formimin e Qeveris\u00eb s\u00eb re ose p\u00ebr t\u00eb shpallur zgjedhje t\u00eb reja.<\/p>\n<p>Kurti tha se propozimi b\u00ebhet p\u00ebr shkak t\u00eb besimit t\u00eb madh q\u00eb ka p\u00ebr Konjufc\u00ebn, por edhe p\u00ebr t\u00eb shmangur zgjedhjet e reja.<\/p>\n<p><em>\u201cUn\u00eb marr vendin e Glaukut, e ai timin, si\u00e7 jemi dakorduar bashk\u00eb mbr\u00ebm\u00eb. Caktimi i mandatarit t\u00eb dyt\u00eb n\u00eb k\u00ebto rrethana \u00ebsht\u00eb domosdoshm\u00ebri. Le ta votoj\u00eb opozita nj\u00eb qeveri t\u00eb udh\u00ebhequr nga Glauku\u201d, tha Kurti.<\/em><\/p>\n<p>Kurti tha se LVV-ja po rritet vazhdimisht n\u00eb nivel lokal, duke fituar gjithnj\u00eb e m\u00eb shum\u00eb komuna dhe asamblist\u00eb gjat\u00eb zgjedhjeve t\u00eb fundit. Megjithat\u00eb, Kurti nuk ka arritur mb\u00ebshtetjen e 61 deputet\u00ebve t\u00eb nevojsh\u00ebm n\u00eb Kuvendin e Kosov\u00ebs p\u00ebr t\u00eb formuar qeverin\u00eb.<\/p>\n<p><em>\u201cKy \u00ebsht\u00eb nj\u00eb tregues se organizata jon\u00eb po b\u00ebhet alternativa m\u00eb serioze dhe po gjen mb\u00ebshtetjen e qytetar\u00ebve edhe aty ku ndjehet m\u00eb s\u00eb af\u00ebrmi, n\u00ebp\u00ebr komuna. Nga nj\u00eb komun\u00eb e fituar m\u00eb 2013 q\u00eb ishte kryeqyteti, n\u00eb tri komuna n\u00eb vitin 2017, n\u00eb kat\u00ebr komuna n\u00eb vitin 2021, tash n\u00eb vitin 2025 me tri komuna t\u00eb fituara pa balotazh e 12 komuna t\u00eb tjera n\u00eb balotazh e shum\u00eb af\u00ebr fitores. Nga 69 asamblist\u00eb t\u00eb fituar n\u00eb zgjedhjet 2013, n\u00eb 127 n\u00eb vitin 2017, 176 n\u00eb vitin 2021 edhe 177 n\u00eb vitin 2025. Kjo \u00ebsht\u00eb rritja e vazhdueshme e LVV n\u00eb nivel lokal\u201d, tha Kurti.<\/em><\/p>\n<p>Ai b\u00ebri thirrje q\u00eb opozita t\u00eb votoj\u00eb qeverin\u00eb e udh\u00ebhequr nga Konjufca, p\u00ebr t\u00eb proceduar buxhetin e shtetit nga nj\u00eb qeveri fuqiplot\u00eb.<\/p>\n","protected":false},"excerpt":{"rendered":"<p>Kryetari i L\u00ebvizjes Vet\u00ebvendosje, Albin Kurti, ka propozuar n\u00ebnkryetarin e partis\u00eb, Glauk Konjufca, si mandatar t\u00eb dyt\u00eb p\u00ebr kryeminist\u00ebr t\u00eb Kosov\u00ebs. Ky propozim u b\u00eb gjat\u00eb mbledhjes s\u00eb K\u00ebshillit t\u00eb P\u00ebrgjithsh\u00ebm t\u00eb LVV-s\u00eb, nj\u00eb dit\u00eb para skadimit t\u00eb afatit 10-ditor t\u00eb presidentes Vjosa Osmani p\u00ebr t\u2019i dh\u00ebn\u00eb dikujt mandatin p\u00ebr formimin e Qeveris\u00eb s\u00eb re [&hellip;]<\/p>\n","protected":false},"author":5,"featured_media":92999,"comment_status":"closed","ping_status":"closed","sticky":false,"template":"","format":"standard","meta":{"footnotes":""},"categories":[27451,6326,6332],"tags":[38854],"class_list":{"0":"post-92998","1":"post","2":"type-post","3":"status-publish","4":"format-standard","5":"has-post-thumbnail","7":"category-kosova","8":"category-politike","9":"category-te-fundit","10":"tag-kurti-propozon-glauk-konjufcen-per-kryeminister-te-kosoves"},"_links":{"self":[{"href":"https:\/\/jugulajm.net\/index.php?rest_route=\/wp\/v2\/posts\/92998","targetHints":{"allow":["GET"]}}],"collection":[{"href":"https:\/\/jugulajm.net\/index.php?rest_route=\/wp\/v2\/posts"}],"about":[{"href":"https:\/\/jugulajm.net\/index.php?rest_route=\/wp\/v2\/types\/post"}],"author":[{"embeddable":true,"href":"https:\/\/jugulajm.net\/index.php?rest_route=\/wp\/v2\/users\/5"}],"replies":[{"embeddable":true,"href":"https:\/\/jugulajm.net\/index.php?rest_route=%2Fwp%2Fv2%2Fcomments&post=92998"}],"version-history":[{"count":2,"href":"https:\/\/jugulajm.net\/index.php?rest_route=\/wp\/v2\/posts\/92998\/revisions"}],"predecessor-version":[{"id":93001,"href":"https:\/\/jugulajm.net\/index.php?rest_route=\/wp\/v2\/posts\/92998\/revisions\/93001"}],"wp:featuredmedia":[{"embeddable":true,"href":"https:\/\/jugulajm.net\/index.php?rest_route=\/wp\/v2\/media\/92999"}],"wp:attachment":[{"href":"https:\/\/jugulajm.net\/index.php?rest_route=%2Fwp%2Fv2%2Fmedia&parent=92998"}],"wp:term":[{"taxonomy":"category","embeddable":true,"href":"https:\/\/jugulajm.net\/index.php?rest_route=%2Fwp%2Fv2%2Fcategories&post=92998"},{"taxonomy":"post_tag","embeddable":true,"href":"https:\/\/jugulajm.net\/index.php?rest_route=%2Fwp%2Fv2%2Ftags&post=92998"}],"curies":[{"name":"wp","href":"https:\/\/api.w.org\/{rel}","templated":true}]}}