{"id":92985,"date":"2025-11-03T21:10:46","date_gmt":"2025-11-03T20:10:46","guid":{"rendered":"https:\/\/jugulajm.net\/?p=92985"},"modified":"2025-11-03T21:10:46","modified_gmt":"2025-11-03T20:10:46","slug":"aksident-40-vjecarja-me-ford-perplas-tufen-e-bagetive-dhe","status":"publish","type":"post","link":"https:\/\/jugulajm.net\/?p=92985","title":{"rendered":"Aksident, 40-vje\u00e7arja me \u201cFord\u201d p\u00ebrplas tuf\u00ebn e bag\u00ebtive dhe&#8230;"},"content":{"rendered":"<p>Nj\u00eb aksident i pazakont\u00eb ka ndodhur kete mbremje, ku nj\u00eb automjet tip \u2018Ford\u2019 i drejtuar nga nj\u00eb 40-vje\u00e7are, goditi nj\u00eb tuf\u00eb bag\u00ebtish n\u00eb daljen jugore t\u00eb Lushnj\u00ebs.<\/p>\n<p>Si pasoj\u00eb, disa bag\u00ebti t\u00eb im\u00ebta ngordh\u00ebn, nd\u00ebrsa mjeti p\u00ebsoi d\u00ebme materiale.<\/p>\n<p>Fatmir\u00ebsisht, drejtuesja e automjetit nuk u l\u00ebndua, as bariu, i cili nuk ndodhej n\u00eb rrug\u00eb n\u00eb momentin e p\u00ebrplasjes.<\/p>\n<p>N\u00eb vendngjarje mb\u00ebrriti Policia e Qarkullimit Rrugor, e cila dokumentoi rastin dhe rregulloi trafikun e bllokuar nga incidenti.<\/p>\n","protected":false},"excerpt":{"rendered":"<p>Nj\u00eb aksident i pazakont\u00eb ka ndodhur kete mbremje, ku nj\u00eb automjet tip \u2018Ford\u2019 i drejtuar nga nj\u00eb 40-vje\u00e7are, goditi nj\u00eb tuf\u00eb bag\u00ebtish n\u00eb daljen jugore t\u00eb Lushnj\u00ebs. Si pasoj\u00eb, disa bag\u00ebti t\u00eb im\u00ebta ngordh\u00ebn, nd\u00ebrsa mjeti p\u00ebsoi d\u00ebme materiale. Fatmir\u00ebsisht, drejtuesja e automjetit nuk u l\u00ebndua, as bariu, i cili nuk ndodhej n\u00eb rrug\u00eb n\u00eb [&hellip;]<\/p>\n","protected":false},"author":5,"featured_media":92986,"comment_status":"closed","ping_status":"closed","sticky":false,"template":"","format":"standard","meta":{"footnotes":""},"categories":[1,6332,29228],"tags":[38848,6868],"class_list":{"0":"post-92985","1":"post","2":"type-post","3":"status-publish","4":"format-standard","5":"has-post-thumbnail","7":"category-aktualitet","8":"category-te-fundit","9":"category-vendi","10":"tag-40-vjecarja-me-ford-perplas-tufen-e-bagetive-dhe","11":"tag-aksident"},"_links":{"self":[{"href":"https:\/\/jugulajm.net\/index.php?rest_route=\/wp\/v2\/posts\/92985","targetHints":{"allow":["GET"]}}],"collection":[{"href":"https:\/\/jugulajm.net\/index.php?rest_route=\/wp\/v2\/posts"}],"about":[{"href":"https:\/\/jugulajm.net\/index.php?rest_route=\/wp\/v2\/types\/post"}],"author":[{"embeddable":true,"href":"https:\/\/jugulajm.net\/index.php?rest_route=\/wp\/v2\/users\/5"}],"replies":[{"embeddable":true,"href":"https:\/\/jugulajm.net\/index.php?rest_route=%2Fwp%2Fv2%2Fcomments&post=92985"}],"version-history":[{"count":1,"href":"https:\/\/jugulajm.net\/index.php?rest_route=\/wp\/v2\/posts\/92985\/revisions"}],"predecessor-version":[{"id":92987,"href":"https:\/\/jugulajm.net\/index.php?rest_route=\/wp\/v2\/posts\/92985\/revisions\/92987"}],"wp:featuredmedia":[{"embeddable":true,"href":"https:\/\/jugulajm.net\/index.php?rest_route=\/wp\/v2\/media\/92986"}],"wp:attachment":[{"href":"https:\/\/jugulajm.net\/index.php?rest_route=%2Fwp%2Fv2%2Fmedia&parent=92985"}],"wp:term":[{"taxonomy":"category","embeddable":true,"href":"https:\/\/jugulajm.net\/index.php?rest_route=%2Fwp%2Fv2%2Fcategories&post=92985"},{"taxonomy":"post_tag","embeddable":true,"href":"https:\/\/jugulajm.net\/index.php?rest_route=%2Fwp%2Fv2%2Ftags&post=92985"}],"curies":[{"name":"wp","href":"https:\/\/api.w.org\/{rel}","templated":true}]}}