{"id":92980,"date":"2025-11-03T19:53:51","date_gmt":"2025-11-03T18:53:51","guid":{"rendered":"https:\/\/jugulajm.net\/?p=92980"},"modified":"2025-11-03T19:54:17","modified_gmt":"2025-11-03T18:54:17","slug":"emrat-ja-kush-jane-gjyqtaret-e-kushtetueses-qe-votuan-pro-dhe-kunder-per-veliajt","status":"publish","type":"post","link":"https:\/\/jugulajm.net\/?p=92980","title":{"rendered":"EMRAT\/ Ja kush jan\u00eb gjyqtar\u00ebt e Kushtetueses q\u00eb votuan pro dhe kund\u00ebr Veliajt"},"content":{"rendered":"<p>Gjykata Kushtetuese ka marr\u00eb sot vendimin p\u00ebr t\u00eb rr\u00ebzuar k\u00ebrkes\u00ebn e K\u00ebshillit t\u00eb Ministrave dhe dekretin e Presidentit Bajram Begaj, duke i dh\u00ebn\u00eb t\u00eb drejt\u00eb Erion Veliajt q\u00eb t\u00eb vijoj\u00eb detyr\u00ebn si kryetar i Bashkis\u00eb s\u00eb Tiran\u00ebs.<\/p>\n<p>Pas nj\u00eb seance maraton\u00eb q\u00eb zgjati disa or\u00eb dhe p\u00ebrfundoi rreth or\u00ebs 17:30, trupa gjyq\u00ebsore shpalli vendimin me pes\u00eb vota pro dhe tre kund\u00ebr, duke e cil\u00ebsuar t\u00eb pavlefsh\u00ebm shkarkimin e Veliajt dhe t\u00eb pap\u00ebrshtatsh\u00ebm dekretin p\u00ebr zgjedhje t\u00eb reja n\u00eb Tiran\u00eb.<\/p>\n<p><strong>Pro votuan:\u00a0<\/strong><\/p>\n<p>Sander Beci,<\/p>\n<p>Ilir Toska,<\/p>\n<p>Fiona Papajorgji,<\/p>\n<p>Marsida Xhaferllari,<\/p>\n<p>Mariana Semini.<\/p>\n<p><strong>Kund\u00ebr u shpreh\u00ebn:\u00a0<\/strong><\/p>\n<p>Olta Za\u00e7aj,<\/p>\n<p>Sonila Bejtja,<\/p>\n<p>Gent Ibrahimi.<\/p>\n","protected":false},"excerpt":{"rendered":"<p>Gjykata Kushtetuese ka marr\u00eb sot vendimin p\u00ebr t\u00eb rr\u00ebzuar k\u00ebrkes\u00ebn e K\u00ebshillit t\u00eb Ministrave dhe dekretin e Presidentit Bajram Begaj, duke i dh\u00ebn\u00eb t\u00eb drejt\u00eb Erion Veliajt q\u00eb t\u00eb vijoj\u00eb detyr\u00ebn si kryetar i Bashkis\u00eb s\u00eb Tiran\u00ebs. Pas nj\u00eb seance maraton\u00eb q\u00eb zgjati disa or\u00eb dhe p\u00ebrfundoi rreth or\u00ebs 17:30, trupa gjyq\u00ebsore shpalli vendimin me [&hellip;]<\/p>\n","protected":false},"author":5,"featured_media":92981,"comment_status":"closed","ping_status":"closed","sticky":false,"template":"","format":"standard","meta":{"footnotes":""},"categories":[1,6332,29228],"tags":[38847],"class_list":{"0":"post-92980","1":"post","2":"type-post","3":"status-publish","4":"format-standard","5":"has-post-thumbnail","7":"category-aktualitet","8":"category-te-fundit","9":"category-vendi","10":"tag-emrat-ja-kush-jane-gjyqtaret-e-kushtetueses-qe-votuan-pro-dhe-kunder-per-veliajt"},"_links":{"self":[{"href":"https:\/\/jugulajm.net\/index.php?rest_route=\/wp\/v2\/posts\/92980","targetHints":{"allow":["GET"]}}],"collection":[{"href":"https:\/\/jugulajm.net\/index.php?rest_route=\/wp\/v2\/posts"}],"about":[{"href":"https:\/\/jugulajm.net\/index.php?rest_route=\/wp\/v2\/types\/post"}],"author":[{"embeddable":true,"href":"https:\/\/jugulajm.net\/index.php?rest_route=\/wp\/v2\/users\/5"}],"replies":[{"embeddable":true,"href":"https:\/\/jugulajm.net\/index.php?rest_route=%2Fwp%2Fv2%2Fcomments&post=92980"}],"version-history":[{"count":2,"href":"https:\/\/jugulajm.net\/index.php?rest_route=\/wp\/v2\/posts\/92980\/revisions"}],"predecessor-version":[{"id":92983,"href":"https:\/\/jugulajm.net\/index.php?rest_route=\/wp\/v2\/posts\/92980\/revisions\/92983"}],"wp:featuredmedia":[{"embeddable":true,"href":"https:\/\/jugulajm.net\/index.php?rest_route=\/wp\/v2\/media\/92981"}],"wp:attachment":[{"href":"https:\/\/jugulajm.net\/index.php?rest_route=%2Fwp%2Fv2%2Fmedia&parent=92980"}],"wp:term":[{"taxonomy":"category","embeddable":true,"href":"https:\/\/jugulajm.net\/index.php?rest_route=%2Fwp%2Fv2%2Fcategories&post=92980"},{"taxonomy":"post_tag","embeddable":true,"href":"https:\/\/jugulajm.net\/index.php?rest_route=%2Fwp%2Fv2%2Ftags&post=92980"}],"curies":[{"name":"wp","href":"https:\/\/api.w.org\/{rel}","templated":true}]}}