{"id":92973,"date":"2025-11-03T18:46:19","date_gmt":"2025-11-03T17:46:19","guid":{"rendered":"https:\/\/jugulajm.net\/?p=92973"},"modified":"2025-11-03T18:46:38","modified_gmt":"2025-11-03T17:46:38","slug":"kushtetuesja-i-jep-te-drejte-veliajt-reagon-binaj-kandidimi-im-do-vazhdoje","status":"publish","type":"post","link":"https:\/\/jugulajm.net\/?p=92973","title":{"rendered":"Kushtetuesja i jep t\u00eb drejt\u00eb Veliajt, reagon Binaj: Kandidimi im do t\u00eb\u2026"},"content":{"rendered":"<p>Florian Binaj, kandidat p\u00ebr bashkin\u00eb e Tiran\u00ebs ka reaguar n\u00eb rrjetet sociale pas vendimit t\u00eb Gjykat\u00ebs Kushtetuese, vendim i cili ishte n\u00eb favor t\u00eb Erion Veliajt, teksa ky i fundit do vazhdoj\u00eb t\u00eb mbaj\u00eb postin e krybashkiakut t\u00eb Tiran\u00ebs.<\/p>\n<p><img loading=\"lazy\" loading=\"lazy\" decoding=\"async\" class=\"alignnone wp-image-687893 lazy entered loaded td-animation-stack-type0-2\" src=\"https:\/\/euronews.al\/wp-content\/uploads\/2025\/11\/99120803-79d4-4ca8-bf84-5ec01102692a-268x300.jpg\" sizes=\"auto, (max-width: 350px) 100vw, 350px\" srcset=\"https:\/\/euronews.al\/wp-content\/uploads\/2025\/11\/99120803-79d4-4ca8-bf84-5ec01102692a-268x300.jpg 268w, https:\/\/euronews.al\/wp-content\/uploads\/2025\/11\/99120803-79d4-4ca8-bf84-5ec01102692a-914x1024.jpg 914w, https:\/\/euronews.al\/wp-content\/uploads\/2025\/11\/99120803-79d4-4ca8-bf84-5ec01102692a-768x860.jpg 768w, https:\/\/euronews.al\/wp-content\/uploads\/2025\/11\/99120803-79d4-4ca8-bf84-5ec01102692a-150x168.jpg 150w, https:\/\/euronews.al\/wp-content\/uploads\/2025\/11\/99120803-79d4-4ca8-bf84-5ec01102692a-300x336.jpg 300w, https:\/\/euronews.al\/wp-content\/uploads\/2025\/11\/99120803-79d4-4ca8-bf84-5ec01102692a-696x780.jpg 696w, https:\/\/euronews.al\/wp-content\/uploads\/2025\/11\/99120803-79d4-4ca8-bf84-5ec01102692a-1068x1197.jpg 1068w, https:\/\/euronews.al\/wp-content\/uploads\/2025\/11\/99120803-79d4-4ca8-bf84-5ec01102692a.jpg 1080w\" alt=\"\" width=\"350\" height=\"392\" data-src=\"https:\/\/euronews.al\/wp-content\/uploads\/2025\/11\/99120803-79d4-4ca8-bf84-5ec01102692a-268x300.jpg\" data-srcset=\"https:\/\/euronews.al\/wp-content\/uploads\/2025\/11\/99120803-79d4-4ca8-bf84-5ec01102692a-268x300.jpg 268w, https:\/\/euronews.al\/wp-content\/uploads\/2025\/11\/99120803-79d4-4ca8-bf84-5ec01102692a-914x1024.jpg 914w, https:\/\/euronews.al\/wp-content\/uploads\/2025\/11\/99120803-79d4-4ca8-bf84-5ec01102692a-768x860.jpg 768w, https:\/\/euronews.al\/wp-content\/uploads\/2025\/11\/99120803-79d4-4ca8-bf84-5ec01102692a-150x168.jpg 150w, https:\/\/euronews.al\/wp-content\/uploads\/2025\/11\/99120803-79d4-4ca8-bf84-5ec01102692a-300x336.jpg 300w, https:\/\/euronews.al\/wp-content\/uploads\/2025\/11\/99120803-79d4-4ca8-bf84-5ec01102692a-696x780.jpg 696w, https:\/\/euronews.al\/wp-content\/uploads\/2025\/11\/99120803-79d4-4ca8-bf84-5ec01102692a-1068x1197.jpg 1068w, https:\/\/euronews.al\/wp-content\/uploads\/2025\/11\/99120803-79d4-4ca8-bf84-5ec01102692a.jpg 1080w\" data-sizes=\"(max-width: 350px) 100vw, 350px\" data-ll-status=\"loaded\" \/><\/p>\n","protected":false},"excerpt":{"rendered":"<p>Florian Binaj, kandidat p\u00ebr bashkin\u00eb e Tiran\u00ebs ka reaguar n\u00eb rrjetet sociale pas vendimit t\u00eb Gjykat\u00ebs Kushtetuese, vendim i cili ishte n\u00eb favor t\u00eb Erion Veliajt, teksa ky i fundit do vazhdoj\u00eb t\u00eb mbaj\u00eb postin e krybashkiakut t\u00eb Tiran\u00ebs.<\/p>\n","protected":false},"author":5,"featured_media":92974,"comment_status":"closed","ping_status":"closed","sticky":false,"template":"","format":"standard","meta":{"footnotes":""},"categories":[1,6332,29228],"tags":[38845,38846],"class_list":{"0":"post-92973","1":"post","2":"type-post","3":"status-publish","4":"format-standard","5":"has-post-thumbnail","7":"category-aktualitet","8":"category-te-fundit","9":"category-vendi","10":"tag-kushtetuesja-i-jep-te-drejte-veliajt","11":"tag-reagon-binaj-kandidimi-im-do-vazhdoje"},"_links":{"self":[{"href":"https:\/\/jugulajm.net\/index.php?rest_route=\/wp\/v2\/posts\/92973","targetHints":{"allow":["GET"]}}],"collection":[{"href":"https:\/\/jugulajm.net\/index.php?rest_route=\/wp\/v2\/posts"}],"about":[{"href":"https:\/\/jugulajm.net\/index.php?rest_route=\/wp\/v2\/types\/post"}],"author":[{"embeddable":true,"href":"https:\/\/jugulajm.net\/index.php?rest_route=\/wp\/v2\/users\/5"}],"replies":[{"embeddable":true,"href":"https:\/\/jugulajm.net\/index.php?rest_route=%2Fwp%2Fv2%2Fcomments&post=92973"}],"version-history":[{"count":2,"href":"https:\/\/jugulajm.net\/index.php?rest_route=\/wp\/v2\/posts\/92973\/revisions"}],"predecessor-version":[{"id":92976,"href":"https:\/\/jugulajm.net\/index.php?rest_route=\/wp\/v2\/posts\/92973\/revisions\/92976"}],"wp:featuredmedia":[{"embeddable":true,"href":"https:\/\/jugulajm.net\/index.php?rest_route=\/wp\/v2\/media\/92974"}],"wp:attachment":[{"href":"https:\/\/jugulajm.net\/index.php?rest_route=%2Fwp%2Fv2%2Fmedia&parent=92973"}],"wp:term":[{"taxonomy":"category","embeddable":true,"href":"https:\/\/jugulajm.net\/index.php?rest_route=%2Fwp%2Fv2%2Fcategories&post=92973"},{"taxonomy":"post_tag","embeddable":true,"href":"https:\/\/jugulajm.net\/index.php?rest_route=%2Fwp%2Fv2%2Ftags&post=92973"}],"curies":[{"name":"wp","href":"https:\/\/api.w.org\/{rel}","templated":true}]}}