{"id":92969,"date":"2025-11-03T17:41:22","date_gmt":"2025-11-03T16:41:22","guid":{"rendered":"https:\/\/jugulajm.net\/?p=92969"},"modified":"2025-11-03T17:43:20","modified_gmt":"2025-11-03T16:43:20","slug":"rrezon-qeverine-veliaj-rikthehet-si-kryetar-bashkie-i-tiranes","status":"publish","type":"post","link":"https:\/\/jugulajm.net\/?p=92969","title":{"rendered":"Gjykata Kushtetuese rr\u00ebzon Qeverin\u00eb, Veliaj rikthehet si kryetar Bashkie i Tiran\u00ebs"},"content":{"rendered":"<p>Gjykata Kushtetuese ka rr\u00ebzuar qeverin\u00eb dhe i jep t\u00eb drejt\u00eb Erion Veliajt p\u00ebr t\u00eb vijuar detyr\u00ebn si kryetar i Bashkis\u00eb s\u00eb Tiran\u00ebs.<\/p>\n<p>Vendimmarrja n\u00eb trup\u00ebn e gjyqtar\u00ebve ka qen\u00eb 5-3 n\u00eb favor t\u00eb rr\u00ebzimit t\u00eb vendimit t\u00eb Qeveris\u00eb q\u00eb shkarkonte kryebashkiakun e Tiran\u00ebs, pas propozimit q\u00eb i kishte b\u00ebr\u00eb K\u00ebshilli Bashkiak i Tiran\u00ebs.<\/p>\n<p>Me k\u00ebt\u00eb vendim, anulohet gjithashtu edhe dekreti i Presidentit Bajram Begaj p\u00ebr caktimin e dat\u00ebs s\u00eb zgjedhjeve n\u00eb Tiran\u00eb.<\/p>\n","protected":false},"excerpt":{"rendered":"<p>Gjykata Kushtetuese ka rr\u00ebzuar qeverin\u00eb dhe i jep t\u00eb drejt\u00eb Erion Veliajt p\u00ebr t\u00eb vijuar detyr\u00ebn si kryetar i Bashkis\u00eb s\u00eb Tiran\u00ebs. Vendimmarrja n\u00eb trup\u00ebn e gjyqtar\u00ebve ka qen\u00eb 5-3 n\u00eb favor t\u00eb rr\u00ebzimit t\u00eb vendimit t\u00eb Qeveris\u00eb q\u00eb shkarkonte kryebashkiakun e Tiran\u00ebs, pas propozimit q\u00eb i kishte b\u00ebr\u00eb K\u00ebshilli Bashkiak i Tiran\u00ebs. Me k\u00ebt\u00eb [&hellip;]<\/p>\n","protected":false},"author":5,"featured_media":92852,"comment_status":"closed","ping_status":"closed","sticky":false,"template":"","format":"standard","meta":{"footnotes":""},"categories":[1,6326,6332,29228],"tags":[38844,38843],"class_list":{"0":"post-92969","1":"post","2":"type-post","3":"status-publish","4":"format-standard","5":"has-post-thumbnail","7":"category-aktualitet","8":"category-politike","9":"category-te-fundit","10":"category-vendi","11":"tag-kushtetuesja-rrezon-qeverine","12":"tag-veliaj-rikthehet-si-kryetar-bashkie-i-tiranes"},"_links":{"self":[{"href":"https:\/\/jugulajm.net\/index.php?rest_route=\/wp\/v2\/posts\/92969","targetHints":{"allow":["GET"]}}],"collection":[{"href":"https:\/\/jugulajm.net\/index.php?rest_route=\/wp\/v2\/posts"}],"about":[{"href":"https:\/\/jugulajm.net\/index.php?rest_route=\/wp\/v2\/types\/post"}],"author":[{"embeddable":true,"href":"https:\/\/jugulajm.net\/index.php?rest_route=\/wp\/v2\/users\/5"}],"replies":[{"embeddable":true,"href":"https:\/\/jugulajm.net\/index.php?rest_route=%2Fwp%2Fv2%2Fcomments&post=92969"}],"version-history":[{"count":3,"href":"https:\/\/jugulajm.net\/index.php?rest_route=\/wp\/v2\/posts\/92969\/revisions"}],"predecessor-version":[{"id":92972,"href":"https:\/\/jugulajm.net\/index.php?rest_route=\/wp\/v2\/posts\/92969\/revisions\/92972"}],"wp:featuredmedia":[{"embeddable":true,"href":"https:\/\/jugulajm.net\/index.php?rest_route=\/wp\/v2\/media\/92852"}],"wp:attachment":[{"href":"https:\/\/jugulajm.net\/index.php?rest_route=%2Fwp%2Fv2%2Fmedia&parent=92969"}],"wp:term":[{"taxonomy":"category","embeddable":true,"href":"https:\/\/jugulajm.net\/index.php?rest_route=%2Fwp%2Fv2%2Fcategories&post=92969"},{"taxonomy":"post_tag","embeddable":true,"href":"https:\/\/jugulajm.net\/index.php?rest_route=%2Fwp%2Fv2%2Ftags&post=92969"}],"curies":[{"name":"wp","href":"https:\/\/api.w.org\/{rel}","templated":true}]}}