{"id":92967,"date":"2025-11-03T14:55:38","date_gmt":"2025-11-03T13:55:38","guid":{"rendered":"https:\/\/jugulajm.net\/?p=92967"},"modified":"2025-11-03T14:55:38","modified_gmt":"2025-11-03T13:55:38","slug":"procedohen-2-bashkefshatare-nga-carcova-u-rrahen-me-njeri-tjetrin","status":"publish","type":"post","link":"https:\/\/jugulajm.net\/?p=92967","title":{"rendered":"Procedohen 2 bashk\u00ebfshatar\u00eb nga \u00c7ar\u00e7ova, u rrah\u00ebn me nj\u00ebri-tjetrin"},"content":{"rendered":"<p>Specialist\u00ebt p\u00ebr Hetimin e Krimeve t\u00eb Komisariatit t\u00eb Policis\u00eb P\u00ebrmet, referuan materialet n\u00eb Prokurori, ku nisi procedimi penal p\u00ebr shtetasit I. S. dhe D. L., t\u00eb dy banues n\u00eb fshatin \u00c7ar\u00e7ov\u00eb, pasi jan\u00eb konfliktuar fizikisht me nj\u00ebri-tjetrin, p\u00ebr motive t\u00eb dob\u00ebta.<\/p>\n<p>Materialet procedurale iu referuan Prokuroris\u00eb pran\u00eb Gjykat\u00ebs s\u00eb Shkall\u00ebs s\u00eb Par\u00eb t\u00eb Juridiksionit t\u00eb P\u00ebrgjithsh\u00ebm Gjirokast\u00ebr, p\u00ebr veprime t\u00eb m\u00ebtejshme.<\/p>\n","protected":false},"excerpt":{"rendered":"<p>Specialist\u00ebt p\u00ebr Hetimin e Krimeve t\u00eb Komisariatit t\u00eb Policis\u00eb P\u00ebrmet, referuan materialet n\u00eb Prokurori, ku nisi procedimi penal p\u00ebr shtetasit I. S. dhe D. L., t\u00eb dy banues n\u00eb fshatin \u00c7ar\u00e7ov\u00eb, pasi jan\u00eb konfliktuar fizikisht me nj\u00ebri-tjetrin, p\u00ebr motive t\u00eb dob\u00ebta. Materialet procedurale iu referuan Prokuroris\u00eb pran\u00eb Gjykat\u00ebs s\u00eb Shkall\u00ebs s\u00eb Par\u00eb t\u00eb Juridiksionit t\u00eb [&hellip;]<\/p>\n","protected":false},"author":5,"featured_media":71784,"comment_status":"closed","ping_status":"closed","sticky":false,"template":"","format":"standard","meta":{"footnotes":""},"categories":[1,6332,29228],"tags":[38841,29702],"class_list":{"0":"post-92967","1":"post","2":"type-post","3":"status-publish","4":"format-standard","5":"has-post-thumbnail","7":"category-aktualitet","8":"category-te-fundit","9":"category-vendi","10":"tag-procedohen-2-bashkefshatar-nga-carcova","11":"tag-u-rrahen-me-njeri-tjetrin"},"_links":{"self":[{"href":"https:\/\/jugulajm.net\/index.php?rest_route=\/wp\/v2\/posts\/92967","targetHints":{"allow":["GET"]}}],"collection":[{"href":"https:\/\/jugulajm.net\/index.php?rest_route=\/wp\/v2\/posts"}],"about":[{"href":"https:\/\/jugulajm.net\/index.php?rest_route=\/wp\/v2\/types\/post"}],"author":[{"embeddable":true,"href":"https:\/\/jugulajm.net\/index.php?rest_route=\/wp\/v2\/users\/5"}],"replies":[{"embeddable":true,"href":"https:\/\/jugulajm.net\/index.php?rest_route=%2Fwp%2Fv2%2Fcomments&post=92967"}],"version-history":[{"count":1,"href":"https:\/\/jugulajm.net\/index.php?rest_route=\/wp\/v2\/posts\/92967\/revisions"}],"predecessor-version":[{"id":92968,"href":"https:\/\/jugulajm.net\/index.php?rest_route=\/wp\/v2\/posts\/92967\/revisions\/92968"}],"wp:featuredmedia":[{"embeddable":true,"href":"https:\/\/jugulajm.net\/index.php?rest_route=\/wp\/v2\/media\/71784"}],"wp:attachment":[{"href":"https:\/\/jugulajm.net\/index.php?rest_route=%2Fwp%2Fv2%2Fmedia&parent=92967"}],"wp:term":[{"taxonomy":"category","embeddable":true,"href":"https:\/\/jugulajm.net\/index.php?rest_route=%2Fwp%2Fv2%2Fcategories&post=92967"},{"taxonomy":"post_tag","embeddable":true,"href":"https:\/\/jugulajm.net\/index.php?rest_route=%2Fwp%2Fv2%2Ftags&post=92967"}],"curies":[{"name":"wp","href":"https:\/\/api.w.org\/{rel}","templated":true}]}}