{"id":92928,"date":"2025-11-02T13:10:15","date_gmt":"2025-11-02T12:10:15","guid":{"rendered":"https:\/\/jugulajm.net\/?p=92928"},"modified":"2025-11-02T13:10:15","modified_gmt":"2025-11-02T12:10:15","slug":"rama-lamtumire-per-nanon-vdis-pa-te-te-dua-sa-te-paskan-dashur-edhe-ata-qe","status":"publish","type":"post","link":"https:\/\/jugulajm.net\/?p=92928","title":{"rendered":"Rama, lamtumir\u00eb p\u00ebr Nanon: Vdis pa t\u00eb t\u00eb dua, sa t\u00eb paskan dashur, edhe ata q\u00eb\u2026"},"content":{"rendered":"<p>Kryeministri Edi Rama mbajti nj\u00eb fjalim lamtumire n\u00eb mbyllje t\u00eb homazheve p\u00ebr liderin historik t\u00eb PS Fatos Nano.<\/p>\n<p>Rama e nisi fjalimin me admirimin q\u00eb \u00ebsht\u00eb shprehur masivisht p\u00ebr Fatos Nanon q\u00eb pas lajmit t\u00eb ndarjes s\u00eb tij nga jeta, p\u00ebrfshir\u00eb edhe nga ata politikan\u00eb q\u00eb sa ishte gjall\u00eb hodh\u00ebn mbi t\u00eb akuzat m\u00eb t\u00eb r\u00ebnda.<\/p>\n<p>\u201cI thon\u00eb nj\u00eb fjale, vdis pa t\u00eb dua. Sa do doja i dashur Fatos t\u00eb uleshim sonte n\u00eb nj\u00eb nga ato darkat tona t\u00eb rralla t\u00eb viteve t\u00eb fundit plot me shijeni e ajrit t\u00eb pastruar mes nesh dhe t\u2019i kalonim deri von\u00eb n\u00eb at\u00eb revist\u00ebn ton\u00eb t\u00eb ngjarjeve, t\u00ebr\u00eb \u00e7far\u00eb u tha e \u00e7far\u00eb shkrua p\u00ebr ty qysh se doli lajmoi se k\u00ebt\u00eb her\u00eb ti ike p\u00ebrgjithmon\u00eb. Sa t\u00eb paskan dashur e admiruar more burr\u00eb, edhe ata q\u00eb s\u2019t\u00eb lan\u00eb shkop nd\u00ebr rrota pa t\u00eb v\u00ebn\u00eb dhe gur\u00eb kurr\u00eb pa t\u00eb hedhur, mezi paskan pritur t\u00eb t\u00eb tregojn\u00eb dashurin\u00eb sapo t\u00eb merrnin vesh q\u00eb nuk do t\u2019i hap\u00ebsh m\u00eb syt\u00eb. Dhe ata q\u00eb t\u00eb kall\u00ebn n\u00eb burg duke t\u00eb akuzuar si vjedh\u00ebs dhe erdh\u00ebn t\u00eb vrasin n\u00eb zyr\u00eb duke t\u00eb mallkuar si vras\u00ebs e q\u00eb t\u00eb l\u00ebshuan mbi fytyr\u00eb p\u00ebr vite me radhe t\u00ebr\u00eb t\u00eb zezat e gjuh\u00ebs shqipe, ve\u00e7 ta shihje se si ta kan\u00eb q\u00ebndisur aq bukur fjal\u00ebt e admirat\u00ebs s\u00eb tyre. Plasja m\u00eb vjen q\u00eb s\u2019jemi dot sonte p\u00ebr nj\u00eb dark\u00eb q\u00eb s\u2019do t\u00eb kishte paguar\u201d, tha Rama.<\/p>\n","protected":false},"excerpt":{"rendered":"<p>Kryeministri Edi Rama mbajti nj\u00eb fjalim lamtumire n\u00eb mbyllje t\u00eb homazheve p\u00ebr liderin historik t\u00eb PS Fatos Nano. Rama e nisi fjalimin me admirimin q\u00eb \u00ebsht\u00eb shprehur masivisht p\u00ebr Fatos Nanon q\u00eb pas lajmit t\u00eb ndarjes s\u00eb tij nga jeta, p\u00ebrfshir\u00eb edhe nga ata politikan\u00eb q\u00eb sa ishte gjall\u00eb hodh\u00ebn mbi t\u00eb akuzat m\u00eb t\u00eb [&hellip;]<\/p>\n","protected":false},"author":5,"featured_media":92929,"comment_status":"closed","ping_status":"closed","sticky":false,"template":"","format":"standard","meta":{"footnotes":""},"categories":[1,6332,29228],"tags":[38823,20432,38824,38821,22471,38822],"class_list":{"0":"post-92928","1":"post","2":"type-post","3":"status-publish","4":"format-standard","5":"has-post-thumbnail","7":"category-aktualitet","8":"category-te-fundit","9":"category-vendi","10":"tag-edhe-ata-qe","11":"tag-edi-rama","12":"tag-fatos-nano","13":"tag-lamtumire-per-nanon-vdis-pa-te-te-dua","14":"tag-rama","15":"tag-sa-te-paskan-dashur"},"_links":{"self":[{"href":"https:\/\/jugulajm.net\/index.php?rest_route=\/wp\/v2\/posts\/92928","targetHints":{"allow":["GET"]}}],"collection":[{"href":"https:\/\/jugulajm.net\/index.php?rest_route=\/wp\/v2\/posts"}],"about":[{"href":"https:\/\/jugulajm.net\/index.php?rest_route=\/wp\/v2\/types\/post"}],"author":[{"embeddable":true,"href":"https:\/\/jugulajm.net\/index.php?rest_route=\/wp\/v2\/users\/5"}],"replies":[{"embeddable":true,"href":"https:\/\/jugulajm.net\/index.php?rest_route=%2Fwp%2Fv2%2Fcomments&post=92928"}],"version-history":[{"count":1,"href":"https:\/\/jugulajm.net\/index.php?rest_route=\/wp\/v2\/posts\/92928\/revisions"}],"predecessor-version":[{"id":92930,"href":"https:\/\/jugulajm.net\/index.php?rest_route=\/wp\/v2\/posts\/92928\/revisions\/92930"}],"wp:featuredmedia":[{"embeddable":true,"href":"https:\/\/jugulajm.net\/index.php?rest_route=\/wp\/v2\/media\/92929"}],"wp:attachment":[{"href":"https:\/\/jugulajm.net\/index.php?rest_route=%2Fwp%2Fv2%2Fmedia&parent=92928"}],"wp:term":[{"taxonomy":"category","embeddable":true,"href":"https:\/\/jugulajm.net\/index.php?rest_route=%2Fwp%2Fv2%2Fcategories&post=92928"},{"taxonomy":"post_tag","embeddable":true,"href":"https:\/\/jugulajm.net\/index.php?rest_route=%2Fwp%2Fv2%2Ftags&post=92928"}],"curies":[{"name":"wp","href":"https:\/\/api.w.org\/{rel}","templated":true}]}}