{"id":92911,"date":"2025-11-02T08:26:34","date_gmt":"2025-11-02T07:26:34","guid":{"rendered":"https:\/\/jugulajm.net\/?p=92911"},"modified":"2025-11-02T08:26:58","modified_gmt":"2025-11-02T07:26:58","slug":"video-vrau-kusheririn-kapet-ne-mal-autori-i-dyshuar-policia-publikon-pamjet","status":"publish","type":"post","link":"https:\/\/jugulajm.net\/?p=92911","title":{"rendered":"VIDEO\/ Vrau kush\u00ebririn, kapet n\u00eb mal autori i dyshuar, Policia publikon pamjet&#8230;"},"content":{"rendered":"<p>Pas nj\u00eb operacioni t\u00eb gjer\u00eb k\u00ebrkimi q\u00eb zgjati rreth 5 or\u00eb, ku u p\u00ebrdor edhe droni, Policia e Vlor\u00ebs ka arrestuar autorin e dyshuar t\u00eb vrasjes q\u00eb ndodhi mbr\u00ebmjen e djeshme, 1 n\u00ebntor, n\u00eb fshatin Gjorm t\u00eb Selenic\u00ebs.<\/p>\n<p>Ngjarja e r\u00ebnd\u00eb ndodhi rreth or\u00ebs 20:00, n\u00eb rrug\u00ebn p\u00ebrpara banes\u00ebs s\u00eb autorit, ku gjat\u00eb nj\u00eb konflikti p\u00ebr motive t\u00eb dob\u00ebta, 32-vje\u00e7ari B.A., dyshohet se vrau me arm\u00eb zjarri kush\u00ebririn e tij, D. A., 36 vje\u00e7, banues n\u00eb Fier.<\/p>\n<p>M\u00eb posht\u00eb, pamjet nga arrestimi:<\/p>\n<p><iframe loading=\"lazy\" src=\"https:\/\/www.facebook.com\/plugins\/video.php?height=316&amp;href=https%3A%2F%2Fwww.facebook.com%2Freel%2F1750103875695923%2F&amp;show_text=false&amp;width=560&amp;t=0\" width=\"560\" height=\"316\" frameborder=\"0\" scrolling=\"no\" allowfullscreen=\"allowfullscreen\" data-mce-fragment=\"1\"><\/iframe><\/p>\n<p>Sipas njoftimit zyrtar, pas marrjes s\u00eb informacionit nga familjar\u00ebt se viktima ishte gjetur pa shenja jete, Policia e Vlor\u00ebs, n\u00eb bashk\u00ebpunim me Prokurorin\u00eb e rrethit, ngriti nj\u00eb grup hetimor t\u00eb p\u00ebrb\u00ebr\u00eb nga specialist\u00eb t\u00eb Hetimit t\u00eb Krimeve ndaj Personit dhe ekspert\u00eb kriminalistik\u00eb, t\u00eb cil\u00ebt punuan p\u00ebr zbardhjen e ngjarjes.<\/p>\n<p>Autori i dyshuar u kap rreth or\u00ebs 01:05 t\u00eb m\u00ebngjesit, n\u00eb zon\u00ebn malore p\u00ebrreth fshatit Gjorm, ku ishte fshehur pas krimit. Gjat\u00eb kontrollit fizik t\u00eb tij, policia i sekuestroi nj\u00eb arm\u00eb zjarri pistolet\u00eb \u201cBeretta FS92\u201d, s\u00eb bashku me nj\u00eb kreh\u00ebr dhe 10 fishek\u00eb, t\u00eb dyshuar si arma e p\u00ebrdorur n\u00eb krim.<\/p>\n<p>N\u00eb vendin e ngjarjes u gjet\u00ebn gjithashtu 6 g\u00ebzhoja dhe nj\u00eb predh\u00eb arme zjarri, t\u00eb cilat u sekuestruan si prova materiale.<\/p>\n<p>Hetimet zbuluan se B.A., ishte person n\u00eb k\u00ebrkim me rrezikshm\u00ebri t\u00eb lart\u00eb shoq\u00ebrore, i d\u00ebnuar me 35 vite burg me vendim t\u00eb Gjykat\u00ebs s\u00eb Shkall\u00ebs s\u00eb Par\u00eb Vlor\u00eb, dat\u00eb 20.01.2016, p\u00ebr veprat penale \u201cVrasje n\u00eb rrethana cil\u00ebsuese, kryer n\u00eb bashk\u00ebpunim\u201d dhe \u201cArm\u00ebmbajtje pa leje\u201d.<\/p>\n","protected":false},"excerpt":{"rendered":"<p>Pas nj\u00eb operacioni t\u00eb gjer\u00eb k\u00ebrkimi q\u00eb zgjati rreth 5 or\u00eb, ku u p\u00ebrdor edhe droni, Policia e Vlor\u00ebs ka arrestuar autorin e dyshuar t\u00eb vrasjes q\u00eb ndodhi mbr\u00ebmjen e djeshme, 1 n\u00ebntor, n\u00eb fshatin Gjorm t\u00eb Selenic\u00ebs. Ngjarja e r\u00ebnd\u00eb ndodhi rreth or\u00ebs 20:00, n\u00eb rrug\u00ebn p\u00ebrpara banes\u00ebs s\u00eb autorit, ku gjat\u00eb nj\u00eb konflikti [&hellip;]<\/p>\n","protected":false},"author":5,"featured_media":92912,"comment_status":"closed","ping_status":"closed","sticky":false,"template":"","format":"standard","meta":{"footnotes":""},"categories":[1,6332,29228],"tags":[38814,38815,38813],"class_list":{"0":"post-92911","1":"post","2":"type-post","3":"status-publish","4":"format-standard","5":"has-post-thumbnail","7":"category-aktualitet","8":"category-te-fundit","9":"category-vendi","10":"tag-kapet-ne-mal-autori-i-dyshuar","11":"tag-policia-publikon-pamjet","12":"tag-vrau-kusheririn"},"_links":{"self":[{"href":"https:\/\/jugulajm.net\/index.php?rest_route=\/wp\/v2\/posts\/92911","targetHints":{"allow":["GET"]}}],"collection":[{"href":"https:\/\/jugulajm.net\/index.php?rest_route=\/wp\/v2\/posts"}],"about":[{"href":"https:\/\/jugulajm.net\/index.php?rest_route=\/wp\/v2\/types\/post"}],"author":[{"embeddable":true,"href":"https:\/\/jugulajm.net\/index.php?rest_route=\/wp\/v2\/users\/5"}],"replies":[{"embeddable":true,"href":"https:\/\/jugulajm.net\/index.php?rest_route=%2Fwp%2Fv2%2Fcomments&post=92911"}],"version-history":[{"count":2,"href":"https:\/\/jugulajm.net\/index.php?rest_route=\/wp\/v2\/posts\/92911\/revisions"}],"predecessor-version":[{"id":92914,"href":"https:\/\/jugulajm.net\/index.php?rest_route=\/wp\/v2\/posts\/92911\/revisions\/92914"}],"wp:featuredmedia":[{"embeddable":true,"href":"https:\/\/jugulajm.net\/index.php?rest_route=\/wp\/v2\/media\/92912"}],"wp:attachment":[{"href":"https:\/\/jugulajm.net\/index.php?rest_route=%2Fwp%2Fv2%2Fmedia&parent=92911"}],"wp:term":[{"taxonomy":"category","embeddable":true,"href":"https:\/\/jugulajm.net\/index.php?rest_route=%2Fwp%2Fv2%2Fcategories&post=92911"},{"taxonomy":"post_tag","embeddable":true,"href":"https:\/\/jugulajm.net\/index.php?rest_route=%2Fwp%2Fv2%2Ftags&post=92911"}],"curies":[{"name":"wp","href":"https:\/\/api.w.org\/{rel}","templated":true}]}}