{"id":92904,"date":"2025-11-01T19:53:05","date_gmt":"2025-11-01T18:53:05","guid":{"rendered":"https:\/\/jugulajm.net\/?p=92904"},"modified":"2025-11-01T19:53:05","modified_gmt":"2025-11-01T18:53:05","slug":"cako-sulmon-fatos-nanon-pas-vdekjes-i-neveritshem-vrases-dhe","status":"publish","type":"post","link":"https:\/\/jugulajm.net\/?p=92904","title":{"rendered":"Cako sulmon Fatos Nanon pas vdekjes: I neveritsh\u00ebm, vras\u00ebs dhe&#8230;"},"content":{"rendered":"<p>Pas ndarjes nga jeta t\u00eb ish-kryeministrit Fatos Nano, konspiracionisti Alfred \u00c7ako ka reaguar me nj\u00eb postim t\u00eb ashp\u00ebr, duke b\u00ebr\u00eb nj\u00eb p\u00ebrshkrim kund\u00ebr dhe t\u00eb ngarkuar me akuza ndaj figur\u00ebs s\u00eb tij politike. Cako e ka quajtur Nanon \u201cpseudoliberal, megalloman, hedonist e pijanec ekstrem\u201d, si dhe e ka akuzuar p\u00ebr \u201ckorrupsion shtet\u00ebror dhe zbatim t\u00eb planit ramizist t\u00eb Katovic\u00ebs\u201d.<\/p>\n<p><strong>Ja postimi i Cakos:<\/strong><\/p>\n<p>Konservator dhe me origjin\u00eb komuniste, i sh\u00ebmtuar si askush i rangut t\u00eb vet nga pamja, i eg\u00ebr n\u00eb vazhdimin e luft\u00ebs s\u00eb klasave, pseudoliberal, llafegjat\u00eb e mendjeshkurt\u00ebr, burr\u00eb adoleshent, sqimatar pa tradit\u00eb, i rritur n\u00eb sht\u00ebpin\u00eb e grabitur nga komunist\u00ebt, i p\u00ebrk\u00ebdhelur nga biografia, pragmatist, i \u00e7regullt, hedonist e pijanec ekstrem, duhanxhi i neveritsh\u00ebm.<\/p>\n<p>Megalloman e pa kultur\u00eb t\u00eb p\u00ebrgjithshme, me formim profesional t\u00eb padobish\u00ebm p\u00ebr funksionet q\u00eb mbajti n\u00eb interes publik, i shkujdesur kur s&#8217;hidhte firma dhe ironik me nevojtar\u00ebt, pseudo-tolerant kur skishte k\u00ebllqe, tipik p\u00ebrfaq\u00ebsues i nj\u00eb tak\u00ebmi moskovit\u00ebsh vllaho-ortodoks-labo- komunist-\u00eb n\u00eb Shqip\u00ebri, kumarxhi, pseudopatriot q\u00eb tentoi t\u00eb fuste luft\u00ebn civile n\u00eb Kosov\u00eb n\u00ebp\u00ebrmjet ish-sigurimsave, oficer\u00ebve t\u00eb ushtris\u00eb s\u00eb kuqe, shiksave t\u00eb Fatos Klosit.<\/p>\n<p>Vras\u00ebs i A.Hajdarit dhe drejtueve t\u00eb FARK n\u00eb Tiran\u00eb,\u00a0 zbatues i Katovic\u00ebs ramiziste (s\u00eb bashku me Berish\u00ebn), iniciues i korrupsionit t\u00eb lart\u00eb shtet\u00ebror, hajdut i fondeve t\u00eb agjencive shtet\u00ebrore (Post\u00eb Telekomunikacion, Dogana, Tatime, KESH), anti-evropian dhe moskovit (prandaj amerikan\u00ebt dhe CIA e fut\u00ebn n\u00eb burg), urrente gegnin\u00eb dhe musliman\u00ebt, shfryt\u00ebzoi politik\u00ebn nd\u00ebrkomb\u00ebtare pas 11 shtatorit 2001 p\u00ebr t\u00eb trysnuar musliman\u00ebt shqiptar\u00eb &#8211; ashtu si komunist\u00ebt pas vitit &#8217;43 me serb\u00ebt e internacionalen komuniste n\u00eb Shqip\u00ebri q\u00eb shtyp\u00ebn e vran\u00eb geg\u00ebt e musliman\u00ebt, moskok\u00eb\u00e7ar\u00ebs p\u00ebr fatin e Shqip\u00ebris\u00eb.<\/p>\n<p>Egoist, iniciuesi i lart\u00eb i s\u00eb majt\u00ebs p\u00ebr prishjen e familjes dhe martesat me dashnoret, frikacak dhe harpagon q\u00eb ja shiti PS t\u00eb huajve (asetin e s\u00eb majt\u00ebs n\u00eb Shqip\u00ebri) p\u00ebr pleq\u00ebrin\u00eb mondane t\u00eb byth\u00ebs s\u00eb vet, pazarxhi e koniuktural, i paprincipt\u00eb dhe me h\u00ebn\u00eb, koniuktural dhe pa dije historike p\u00ebrball\u00eb armiqve tinzar\u00eb kund\u00ebr interesave t\u00eb shqiptar\u00ebve. Jo rast\u00ebsisht vdiq n\u00eb dit\u00ebn e Halloween-it kur Demoni k\u00ebrkon flijime.<\/p>\n<p>Edhe kur ka b\u00ebr\u00eb di\u00e7ka t\u00eb mir\u00eb p\u00ebr shqiptar\u00ebt e ka b\u00ebr\u00eb n\u00ebn tutelimin e USA.<\/p>\n<p>Q\u00eb t\u00eb mos zgjatem, kaq p\u00ebr t\u00eb si politikan.<\/p>\n<p>P\u00ebr ikjen e qytetarit Fatos Nano nga kjo bot\u00eb, ngush\u00ebllime familjes!<\/p>\n<p>Zoti e m\u00ebshiroft\u00eb Fatos Nanon!<\/p>\n<p>E past\u00eb karm\u00ebn sa m\u00eb t\u00eb but\u00eb!<\/p>\n<p><img decoding=\"async\" src=\"https:\/\/cdnimpuls.com\/newsbomb.al\/media3\/-900-0-1762020826xscreenshot-233-838.jpg\" alt=\"Alfred Cako zbraz fjalorin ndaj Fatos Nanos: I neveritshmi vdiq n\u00eb\" width=\"100%\" data-size=\"x\" data-id=\"351430\" \/><\/p>\n","protected":false},"excerpt":{"rendered":"<p>Pas ndarjes nga jeta t\u00eb ish-kryeministrit Fatos Nano, konspiracionisti Alfred \u00c7ako ka reaguar me nj\u00eb postim t\u00eb ashp\u00ebr, duke b\u00ebr\u00eb nj\u00eb p\u00ebrshkrim kund\u00ebr dhe t\u00eb ngarkuar me akuza ndaj figur\u00ebs s\u00eb tij politike. Cako e ka quajtur Nanon \u201cpseudoliberal, megalloman, hedonist e pijanec ekstrem\u201d, si dhe e ka akuzuar p\u00ebr \u201ckorrupsion shtet\u00ebror dhe zbatim t\u00eb [&hellip;]<\/p>\n","protected":false},"author":5,"featured_media":92905,"comment_status":"closed","ping_status":"closed","sticky":false,"template":"","format":"standard","meta":{"footnotes":""},"categories":[34865,6332,29228],"tags":[38809,38810],"class_list":{"0":"post-92904","1":"post","2":"type-post","3":"status-publish","4":"format-standard","5":"has-post-thumbnail","7":"category-analiza","8":"category-te-fundit","9":"category-vendi","10":"tag-cako-sulmon-fatos-nanon-pas-vdekjes-i-neveritshem","11":"tag-vrases-dhe"},"_links":{"self":[{"href":"https:\/\/jugulajm.net\/index.php?rest_route=\/wp\/v2\/posts\/92904","targetHints":{"allow":["GET"]}}],"collection":[{"href":"https:\/\/jugulajm.net\/index.php?rest_route=\/wp\/v2\/posts"}],"about":[{"href":"https:\/\/jugulajm.net\/index.php?rest_route=\/wp\/v2\/types\/post"}],"author":[{"embeddable":true,"href":"https:\/\/jugulajm.net\/index.php?rest_route=\/wp\/v2\/users\/5"}],"replies":[{"embeddable":true,"href":"https:\/\/jugulajm.net\/index.php?rest_route=%2Fwp%2Fv2%2Fcomments&post=92904"}],"version-history":[{"count":1,"href":"https:\/\/jugulajm.net\/index.php?rest_route=\/wp\/v2\/posts\/92904\/revisions"}],"predecessor-version":[{"id":92906,"href":"https:\/\/jugulajm.net\/index.php?rest_route=\/wp\/v2\/posts\/92904\/revisions\/92906"}],"wp:featuredmedia":[{"embeddable":true,"href":"https:\/\/jugulajm.net\/index.php?rest_route=\/wp\/v2\/media\/92905"}],"wp:attachment":[{"href":"https:\/\/jugulajm.net\/index.php?rest_route=%2Fwp%2Fv2%2Fmedia&parent=92904"}],"wp:term":[{"taxonomy":"category","embeddable":true,"href":"https:\/\/jugulajm.net\/index.php?rest_route=%2Fwp%2Fv2%2Fcategories&post=92904"},{"taxonomy":"post_tag","embeddable":true,"href":"https:\/\/jugulajm.net\/index.php?rest_route=%2Fwp%2Fv2%2Ftags&post=92904"}],"curies":[{"name":"wp","href":"https:\/\/api.w.org\/{rel}","templated":true}]}}