{"id":92902,"date":"2025-11-01T18:55:54","date_gmt":"2025-11-01T17:55:54","guid":{"rendered":"https:\/\/jugulajm.net\/?p=92902"},"modified":"2025-11-01T18:55:54","modified_gmt":"2025-11-01T17:55:54","slug":"u-mor-peng-dhe-u-dhunua-32-vjecari-proda-shkarkon-gjithe-zinxhirin-drejtues-te-drejtorise-vendore","status":"publish","type":"post","link":"https:\/\/jugulajm.net\/?p=92902","title":{"rendered":"U mor peng dhe u dhunua 32-vje\u00e7ari, Proda shkarkon gjith\u00eb zinxhirin drejtues t\u00eb Drejtoris\u00eb Vendore"},"content":{"rendered":"<div class=\"xdj266r x14z9mp xat24cr x1lziwak x1vvkbs x126k92a\">\n<div dir=\"auto\">Policia e Shtetit<\/div>\n<div dir=\"auto\"><\/div>\n<\/div>\n<div class=\"x14z9mp xat24cr x1lziwak x1vvkbs xtlvy1s x126k92a\">\n<div dir=\"auto\">Duke marr\u00eb shkas nga ngjarja e fundit e ndodhur n\u00eb Devoll, ku nj\u00eb 32-vje\u00e7ar u mor me forc\u00eb nga banesa, p\u00ebr motive t\u00eb dob\u00ebta, u mbajt p\u00ebr disa or\u00eb, si dhe ndaj tij u ushtrua dhun\u00eb fizike dhe u kanos p\u00ebr jet\u00ebn, dhe pas nj\u00eb analize t\u00eb kryer n\u00eb lidhje me veprimet dhe menaxhimin e situat\u00ebs, rezultoi se zinxhiri drejtues i DVP Kor\u00e7\u00eb nuk ka p\u00ebrmbushur detyrimet ligjore dhe nuk ka menaxhuar si\u00e7 duhet situat\u00ebn, duke sjell\u00eb pasoja n\u00eb imazhin e Policis\u00eb n\u00eb komunitet.<\/div>\n<\/div>\n<div class=\"x14z9mp xat24cr x1lziwak x1vvkbs xtlvy1s x126k92a\">\n<div dir=\"auto\">P\u00ebr sa m\u00eb sip\u00ebr, Drejtori i P\u00ebrgjithsh\u00ebm i Policis\u00eb s\u00eb Shtetit, Drejtues Madhor Ilir Proda, ka vendosur:<\/div>\n<\/div>\n<div class=\"x14z9mp xat24cr x1lziwak x1vvkbs xtlvy1s x126k92a\">\n<div dir=\"auto\">Shkarkimin nga detyra t\u00eb Drejtorit t\u00eb Drejtoris\u00eb Vendore t\u00eb Policis\u00eb Kor\u00e7\u00eb, Drejtues Erion Ahmeti;<\/div>\n<\/div>\n<div class=\"x14z9mp xat24cr x1lziwak x1vvkbs xtlvy1s x126k92a\">\n<div dir=\"auto\">Pezullimin nga detyra t\u00eb Z\u00ebvend\u00ebsdrejtorit p\u00ebr Hetimin e Krimit n\u00eb DVP Kor\u00e7\u00eb, Drejtues Hajri Kushe, deri n\u00eb p\u00ebrfundimin e hetimit disiplinor.<\/div>\n<\/div>\n<div class=\"x14z9mp xat24cr x1lziwak x1vvkbs xtlvy1s x126k92a\">\n<div dir=\"auto\">Nd\u00ebrkoh\u00eb, Drejtoria e Standardeve Profesionale n\u00eb Drejtorin\u00eb e P\u00ebrgjithshme t\u00eb Policis\u00eb s\u00eb Shtetit, me urdh\u00ebr t\u00eb Drejtorit t\u00eb P\u00ebrgjithsh\u00ebm, bazuar n\u00eb nenin 121 t\u00eb Ligjit p\u00ebr Policin\u00eb e Shtetit ka nisur hetimin disiplinor p\u00ebr gjith\u00eb zinxhirin drejtues t\u00eb Drejtoris\u00eb Vendore t\u00eb Policis\u00eb Kor\u00e7\u00eb dhe Komisariatit t\u00eb Policis\u00eb Devoll, p\u00ebr mosp\u00ebrmbushje t\u00eb detyrave t\u00eb cilat kan\u00eb sjell\u00eb pasoja t\u00eb r\u00ebnda.<\/div>\n<\/div>\n<div class=\"x14z9mp xat24cr x1lziwak x1vvkbs xtlvy1s x126k92a\">\n<div dir=\"auto\">Po me urdh\u00ebr t\u00eb Drejtorit t\u00eb P\u00ebrgjithsh\u00ebm t\u00eb Policis\u00eb s\u00eb Shtetit, deri n\u00eb p\u00ebrfundim t\u00eb konkursit p\u00ebr Drejtor Vendor, \u00ebsht\u00eb caktuar p\u00ebrkoh\u00ebsisht n\u00eb detyr\u00ebn e Drejtorit t\u00eb Drejtoris\u00eb Vendore t\u00eb Policis\u00eb Kor\u00e7\u00eb, Drejtues Islor Islami, i cili deri sot mbante detyr\u00ebn e Drejtorit t\u00eb Drejtoris\u00eb Vendore p\u00ebr Kufirin dhe Migracionin Kuk\u00ebs.<\/div>\n<\/div>\n<div class=\"x14z9mp xat24cr x1lziwak x1vvkbs xtlvy1s x126k92a\">\n<div dir=\"auto\">Policia e Shtetit siguron qytetar\u00ebt se analizon me p\u00ebrgjegj\u00ebsi \u00e7do rast t\u00eb mosveprimit profesional dhe n\u00eb p\u00ebrputhje me ligjin nga punonj\u00ebsit e saj, duke marr\u00eb masa nd\u00ebshkimore bazuar n\u00eb Ligjin \u201cP\u00ebr Policin\u00eb e Shtetit\u201d dhe n\u00eb Rregulloren e Policis\u00eb.<\/div>\n<\/div>\n","protected":false},"excerpt":{"rendered":"<p>Policia e Shtetit Duke marr\u00eb shkas nga ngjarja e fundit e ndodhur n\u00eb Devoll, ku nj\u00eb 32-vje\u00e7ar u mor me forc\u00eb nga banesa, p\u00ebr motive t\u00eb dob\u00ebta, u mbajt p\u00ebr disa or\u00eb, si dhe ndaj tij u ushtrua dhun\u00eb fizike dhe u kanos p\u00ebr jet\u00ebn, dhe pas nj\u00eb analize t\u00eb kryer n\u00eb lidhje me veprimet [&hellip;]<\/p>\n","protected":false},"author":5,"featured_media":79330,"comment_status":"closed","ping_status":"closed","sticky":false,"template":"","format":"standard","meta":{"footnotes":""},"categories":[1,6332,29228],"tags":[38808,38806],"class_list":{"0":"post-92902","1":"post","2":"type-post","3":"status-publish","4":"format-standard","5":"has-post-thumbnail","7":"category-aktualitet","8":"category-te-fundit","9":"category-vendi","10":"tag-proda-shkarkon-gjithe-zinxhirin-drejtues-te-drejtorise-vendore-te-policise","11":"tag-u-mor-peng-dhe-u-dhunua-32-vjecari"},"_links":{"self":[{"href":"https:\/\/jugulajm.net\/index.php?rest_route=\/wp\/v2\/posts\/92902","targetHints":{"allow":["GET"]}}],"collection":[{"href":"https:\/\/jugulajm.net\/index.php?rest_route=\/wp\/v2\/posts"}],"about":[{"href":"https:\/\/jugulajm.net\/index.php?rest_route=\/wp\/v2\/types\/post"}],"author":[{"embeddable":true,"href":"https:\/\/jugulajm.net\/index.php?rest_route=\/wp\/v2\/users\/5"}],"replies":[{"embeddable":true,"href":"https:\/\/jugulajm.net\/index.php?rest_route=%2Fwp%2Fv2%2Fcomments&post=92902"}],"version-history":[{"count":1,"href":"https:\/\/jugulajm.net\/index.php?rest_route=\/wp\/v2\/posts\/92902\/revisions"}],"predecessor-version":[{"id":92903,"href":"https:\/\/jugulajm.net\/index.php?rest_route=\/wp\/v2\/posts\/92902\/revisions\/92903"}],"wp:featuredmedia":[{"embeddable":true,"href":"https:\/\/jugulajm.net\/index.php?rest_route=\/wp\/v2\/media\/79330"}],"wp:attachment":[{"href":"https:\/\/jugulajm.net\/index.php?rest_route=%2Fwp%2Fv2%2Fmedia&parent=92902"}],"wp:term":[{"taxonomy":"category","embeddable":true,"href":"https:\/\/jugulajm.net\/index.php?rest_route=%2Fwp%2Fv2%2Fcategories&post=92902"},{"taxonomy":"post_tag","embeddable":true,"href":"https:\/\/jugulajm.net\/index.php?rest_route=%2Fwp%2Fv2%2Ftags&post=92902"}],"curies":[{"name":"wp","href":"https:\/\/api.w.org\/{rel}","templated":true}]}}