{"id":92872,"date":"2025-10-31T20:10:10","date_gmt":"2025-10-31T19:10:10","guid":{"rendered":"https:\/\/jugulajm.net\/?p=92872"},"modified":"2025-10-31T20:10:10","modified_gmt":"2025-10-31T19:10:10","slug":"fatos-nano-do-te-nderohet-te-dielen-me-homazhe-ne-pallatin-e-kongreseve","status":"publish","type":"post","link":"https:\/\/jugulajm.net\/?p=92872","title":{"rendered":"Fatos Nano do t\u00eb nderohet t\u00eb diel\u00ebn me homazhe n\u00eb Pallatin e Kongreseve"},"content":{"rendered":"<p>T\u00eb diel\u00ebn do t\u00eb zhvillohen homazhet p\u00ebr liderin historik t\u00eb Partis\u00eb Socialiste, Fatos Nano, i cili u nda nga jeta k\u00ebt\u00eb t\u00eb premte.<\/p>\n<p>Ceremonia do t\u00eb mbahet n\u00eb Pallatin e Kongreseve, nd\u00ebrsa pritet t\u00eb dal\u00eb Vendimi i K\u00ebshillit t\u00eb Ministrave, i cili do t\u00eb p\u00ebrcaktoj\u00eb detajet e tjera rreth organizimit t\u00eb ceremonive dhe nderimeve shtet\u00ebrore p\u00ebr ish-kryeministrin.<\/p>\n","protected":false},"excerpt":{"rendered":"<p>T\u00eb diel\u00ebn do t\u00eb zhvillohen homazhet p\u00ebr liderin historik t\u00eb Partis\u00eb Socialiste, Fatos Nano, i cili u nda nga jeta k\u00ebt\u00eb t\u00eb premte. Ceremonia do t\u00eb mbahet n\u00eb Pallatin e Kongreseve, nd\u00ebrsa pritet t\u00eb dal\u00eb Vendimi i K\u00ebshillit t\u00eb Ministrave, i cili do t\u00eb p\u00ebrcaktoj\u00eb detajet e tjera rreth organizimit t\u00eb ceremonive dhe nderimeve shtet\u00ebrore [&hellip;]<\/p>\n","protected":false},"author":5,"featured_media":92873,"comment_status":"closed","ping_status":"closed","sticky":false,"template":"","format":"standard","meta":{"footnotes":""},"categories":[1,6332,29228],"tags":[38794],"class_list":{"0":"post-92872","1":"post","2":"type-post","3":"status-publish","4":"format-standard","5":"has-post-thumbnail","7":"category-aktualitet","8":"category-te-fundit","9":"category-vendi","10":"tag-fatos-nano-do-te-nderohet-te-dielen-me-homazhe-ne-pallatin-e-kongreseve"},"_links":{"self":[{"href":"https:\/\/jugulajm.net\/index.php?rest_route=\/wp\/v2\/posts\/92872","targetHints":{"allow":["GET"]}}],"collection":[{"href":"https:\/\/jugulajm.net\/index.php?rest_route=\/wp\/v2\/posts"}],"about":[{"href":"https:\/\/jugulajm.net\/index.php?rest_route=\/wp\/v2\/types\/post"}],"author":[{"embeddable":true,"href":"https:\/\/jugulajm.net\/index.php?rest_route=\/wp\/v2\/users\/5"}],"replies":[{"embeddable":true,"href":"https:\/\/jugulajm.net\/index.php?rest_route=%2Fwp%2Fv2%2Fcomments&post=92872"}],"version-history":[{"count":1,"href":"https:\/\/jugulajm.net\/index.php?rest_route=\/wp\/v2\/posts\/92872\/revisions"}],"predecessor-version":[{"id":92874,"href":"https:\/\/jugulajm.net\/index.php?rest_route=\/wp\/v2\/posts\/92872\/revisions\/92874"}],"wp:featuredmedia":[{"embeddable":true,"href":"https:\/\/jugulajm.net\/index.php?rest_route=\/wp\/v2\/media\/92873"}],"wp:attachment":[{"href":"https:\/\/jugulajm.net\/index.php?rest_route=%2Fwp%2Fv2%2Fmedia&parent=92872"}],"wp:term":[{"taxonomy":"category","embeddable":true,"href":"https:\/\/jugulajm.net\/index.php?rest_route=%2Fwp%2Fv2%2Fcategories&post=92872"},{"taxonomy":"post_tag","embeddable":true,"href":"https:\/\/jugulajm.net\/index.php?rest_route=%2Fwp%2Fv2%2Ftags&post=92872"}],"curies":[{"name":"wp","href":"https:\/\/api.w.org\/{rel}","templated":true}]}}