{"id":92869,"date":"2025-10-31T19:29:18","date_gmt":"2025-10-31T18:29:18","guid":{"rendered":"https:\/\/jugulajm.net\/?p=92869"},"modified":"2025-10-31T19:29:18","modified_gmt":"2025-10-31T18:29:18","slug":"foto-ja-tenderi-qe-po-i-ha-koken-ballukut-foto-me-ramen-dhe-ahmetajn-ne-turqi-kur","status":"publish","type":"post","link":"https:\/\/jugulajm.net\/?p=92869","title":{"rendered":"FOTO\/ Ja tenderi q\u00eb po i \u201cha kok\u00ebn\u201d Ballukut, foto me Ram\u00ebn dhe Ahmetajn n\u00eb Turqi kur&#8230;"},"content":{"rendered":"<p data-start=\"167\" data-end=\"765\">SPAK njoftoi sot se z\u00ebvend\u00ebskryeministrja dhe ministrja e Infrastruktur\u00ebs dhe Energjis\u00eb, Belinda Balluku, \u00ebsht\u00eb marr\u00eb zyrtarisht e pandehur p\u00ebr akuz\u00ebn e shkeljes s\u00eb barazis\u00eb n\u00eb tendera publike, n\u00eb lidhje me nd\u00ebrtimin e tunelit t\u00eb Llogaras\u00eb, nj\u00eb prej projekteve m\u00eb t\u00eb m\u00ebdha gjat\u00eb viteve t\u00eb fundit, por edhe q\u00eb ka shkaktuar mjaft debate e akuza n\u00eb drejtim t\u00eb saj.<\/p>\n<p data-start=\"167\" data-end=\"765\"><b>M<\/b>\u00ebsohet se ka t\u00eb dh\u00ebna se hetimet paraprake t\u00eb SPAK kan\u00eb zbuluar nj\u00eb zinxhir vendimesh t\u00eb diskutueshme, q\u00eb nis\u00ebn me nj\u00eb gar\u00eb t\u00eb fituar nga nj\u00eb kompani shqiptare, kaluan tek kompani turke me lidhje t\u00eb forta pran\u00eb partis\u00eb s\u00eb Presidentit Erdogan dhe p\u00ebrfunduan s\u00ebrish me t\u00eb nj\u00ebjt\u00ebn kompani shqiptare si n\u00ebnkontraktore e turqve tashm\u00eb.<\/p>\n<p data-start=\"767\" data-end=\"1310\">Ministria e Infrastruktur\u00ebs shpalli tenderin p\u00ebr nd\u00ebrtimin e tunelit t\u00eb Llogaras\u00eb n\u00eb dhjetor 2020. Kompania shqiptare \u201cGjoka Konstruksion\u201d paraqiti ofert\u00ebn m\u00eb t\u00eb ul\u00ebt, rreth 140 milion\u00eb euro, por tenderi u anulua pa ndonj\u00eb shpjegim.<\/p>\n<div class=\"jeg_ad jeg_ad_article jnews_content_inline_2_ads  \">\n<div class=\"ads-wrapper align-center \">\n<div class=\"ads-text\"><img loading=\"lazy\" loading=\"lazy\" decoding=\"async\" class=\"wp-image-6849 size-full\" src=\"https:\/\/skyweb.al\/wp-content\/uploads\/2025\/10\/195431938_157217386382129_4248078222393386439_n.jpg\" sizes=\"auto, (max-width: 960px) 100vw, 960px\" srcset=\"https:\/\/skyweb.al\/wp-content\/uploads\/2025\/10\/195431938_157217386382129_4248078222393386439_n.jpg 960w, https:\/\/skyweb.al\/wp-content\/uploads\/2025\/10\/195431938_157217386382129_4248078222393386439_n-300x200.jpg 300w, https:\/\/skyweb.al\/wp-content\/uploads\/2025\/10\/195431938_157217386382129_4248078222393386439_n-768x511.jpg 768w, https:\/\/skyweb.al\/wp-content\/uploads\/2025\/10\/195431938_157217386382129_4248078222393386439_n-750x499.jpg 750w\" alt=\"Foto nga takimi i delegacionit shqiptar ne Ankara, fillim qershori 2022\" width=\"960\" height=\"639\" data-pin-no-hover=\"true\" \/><\/div>\n<\/div>\n<\/div>\n<figure id=\"attachment_6849\" class=\"wp-caption alignnone\" aria-describedby=\"caption-attachment-6849\"><figcaption id=\"caption-attachment-6849\" class=\"wp-caption-text\">Foto nga takimi i delegacionit shqiptar ne Ankara, fillim qershori 2021<\/figcaption><\/figure>\n<p data-start=\"767\" data-end=\"1310\">Pak muaj m\u00eb von\u00eb, n\u00eb qershor 2021, pas nj\u00eb vizite zyrtare n\u00eb Ankara t\u00eb Belinda Ballukut, ku ishin t\u00eb pranish\u00ebm Arben Ahmetaj dhe kryeministri Edi Rama, tenderi u rihap.<\/p>\n<p data-start=\"767\" data-end=\"1310\">Fitues doli bashkimi i kompanive turke \u201cIntekar Yapi\u201d dhe \u201cASL Insaat\u201d, me ofert\u00eb 30 milion\u00eb euro m\u00eb t\u00eb lart\u00eb se Gjoka, ose rreth 170 milion\u00eb euro.<\/p>\n<p data-start=\"1312\" data-end=\"1952\">N\u00eb m\u00ebnyr\u00eb t\u00eb pazakont\u00eb, \u201cGjoka Konstruksion\u201d nuk mori pjes\u00eb n\u00eb gar\u00ebn e dyt\u00eb dhe nuk e ankimoi vendimin e par\u00eb, ndon\u00ebse kishte ofert\u00ebn m\u00eb t\u00eb ul\u00ebt.<\/p>\n<p data-start=\"1312\" data-end=\"1952\"><img loading=\"lazy\" loading=\"lazy\" decoding=\"async\" class=\"alignnone wp-image-6852 size-large\" src=\"https:\/\/skyweb.al\/wp-content\/uploads\/2025\/10\/Screenshot-2025-10-31-at-6.54.40-PM-883x1024.png\" sizes=\"auto, (max-width: 883px) 100vw, 883px\" srcset=\"https:\/\/skyweb.al\/wp-content\/uploads\/2025\/10\/Screenshot-2025-10-31-at-6.54.40-PM-883x1024.png 883w, https:\/\/skyweb.al\/wp-content\/uploads\/2025\/10\/Screenshot-2025-10-31-at-6.54.40-PM-259x300.png 259w, https:\/\/skyweb.al\/wp-content\/uploads\/2025\/10\/Screenshot-2025-10-31-at-6.54.40-PM-768x891.png 768w, https:\/\/skyweb.al\/wp-content\/uploads\/2025\/10\/Screenshot-2025-10-31-at-6.54.40-PM-1324x1536.png 1324w, https:\/\/skyweb.al\/wp-content\/uploads\/2025\/10\/Screenshot-2025-10-31-at-6.54.40-PM-750x870.png 750w, https:\/\/skyweb.al\/wp-content\/uploads\/2025\/10\/Screenshot-2025-10-31-at-6.54.40-PM-1140x1323.png 1140w, https:\/\/skyweb.al\/wp-content\/uploads\/2025\/10\/Screenshot-2025-10-31-at-6.54.40-PM.png 1460w\" alt=\"\" width=\"883\" height=\"1024\" data-pin-no-hover=\"true\" \/><\/p>\n<p data-start=\"1312\" data-end=\"1952\">Duket se pal\u00ebt ishin marr\u00eb vesh. Rolet ishin ndar\u00eb dhe secili po b\u00ebnte detyr\u00ebn e paracaktuar.<\/p>\n<p data-start=\"1312\" data-end=\"1952\">Problemi \u00ebsht\u00eb se pse nj\u00eb pun\u00eb q\u00eb Gjoka garantoi se do ta b\u00ebnt\u00eb p\u00ebr 140 milion\u00eb euro, e b\u00ebri s\u00ebrish Gjoka, por p\u00ebr 170 milion\u00eb euro.<\/p>\n<p data-start=\"1312\" data-end=\"1952\">Duket se l\u00ebvizje e \u00e7uditshme, ku turqit vet\u00ebm b\u00ebn\u00eb letrat dhe \u00e7uan faturat dhe pun\u00ebn e b\u00ebri Gjoka \u00ebsht\u00eb b\u00ebr\u00eb nj\u00eb nga pikat kryesore t\u00eb hetimit t\u00eb SPAK.<\/p>\n<p data-start=\"1312\" data-end=\"1952\">Por, ka edhe m\u00eb!<\/p>\n<p data-start=\"1312\" data-end=\"1952\">Pas shpalljes fituese, m\u00eb 8 n\u00ebntor 2021, dy kompanit\u00eb turke themeluan shoq\u00ebrin\u00eb e p\u00ebrbashk\u00ebt \u201cIntekar\u2013ASL\u201d, e cila u regjistrua n\u00eb Qendr\u00ebn Komb\u00ebtare t\u00eb Biznesit nga Rovena Dor\u00ebzi, juriste e pun\u00ebsuar n\u00eb \u201cGjoka Konstruksion\u201d.<\/p>\n<p data-start=\"1312\" data-end=\"1952\">Dokumentet tregojn\u00eb se \u201cIntekar\u2013ASL\u201d nuk kishte asnj\u00eb licenc\u00eb nd\u00ebrtimi aktive n\u00eb Shqip\u00ebri, megjithat\u00eb Ministria e Infrastruktur\u00ebs ka kryer\u00a0<strong>36 pagesa me vler\u00eb totale 170 milion\u00eb euro<\/strong>\u00a0p\u00ebr k\u00ebt\u00eb konsorcium.<\/p>\n<p data-start=\"1954\" data-end=\"2294\">N\u00eb terren, punimet jan\u00eb kryer nga \u201cGjoka Konstruksion\u201d, q\u00eb shfaqej me logot dhe punonj\u00ebsit e saj gjat\u00eb \u00e7do inspektimi t\u00eb Belinda Ballukut.<\/p>\n<p data-start=\"1954\" data-end=\"2294\">Pra, kompania q\u00eb u p\u00ebrjashtua nga gara p\u00ebrfundoi duke b\u00ebr\u00eb t\u00eb gjitha punimet si n\u00ebnkontraktore e kompanive fituese, duke ngritur dyshime p\u00ebr favorizim dhe manipulim t\u00eb procesit t\u00eb tenderimit.<\/p>\n<figure id=\"attachment_6850\" class=\"wp-caption alignnone\" aria-describedby=\"caption-attachment-6850\"><img loading=\"lazy\" loading=\"lazy\" decoding=\"async\" class=\"wp-image-6850 size-full\" src=\"https:\/\/skyweb.al\/wp-content\/uploads\/2025\/10\/196609253_157217339715467_805012249753167662_n.jpg\" sizes=\"auto, (max-width: 960px) 100vw, 960px\" srcset=\"https:\/\/skyweb.al\/wp-content\/uploads\/2025\/10\/196609253_157217339715467_805012249753167662_n.jpg 960w, https:\/\/skyweb.al\/wp-content\/uploads\/2025\/10\/196609253_157217339715467_805012249753167662_n-300x200.jpg 300w, https:\/\/skyweb.al\/wp-content\/uploads\/2025\/10\/196609253_157217339715467_805012249753167662_n-768x511.jpg 768w, https:\/\/skyweb.al\/wp-content\/uploads\/2025\/10\/196609253_157217339715467_805012249753167662_n-750x499.jpg 750w\" alt=\"Belinda Balluku dhe Edi Rama n\u00eb Ankara, fillim qershori 2022\" width=\"960\" height=\"639\" data-pin-no-hover=\"true\" \/><figcaption id=\"caption-attachment-6850\" class=\"wp-caption-text\">Belinda Balluku dhe Edi Rama n\u00eb Ankara, fillim qershori 2021<\/figcaption><\/figure>\n<p data-start=\"1954\" data-end=\"2294\"><strong>Rritet kostoja e tunelit\u00a0<\/strong><\/p>\n<p data-start=\"2296\" data-end=\"2728\">N\u00eb dhjetor 2022, qeveria shtoi edhe 50 milion\u00eb euro n\u00eb buxhetin e projektit p\u00ebrmes dy akteve normative, t\u00eb firmosura nga vet\u00eb Balluku.<\/p>\n<p data-start=\"2296\" data-end=\"2728\">Kontrolli i Lart\u00eb i Shtetit ka konstatuar se shtesa e fondeve \u00ebsht\u00eb b\u00ebr\u00eb pa analiz\u00eb financiare dhe jasht\u00eb afateve ligjore, duke e p\u00ebrkeq\u00ebsuar m\u00eb tej situat\u00ebn ligjore t\u00eb ministres.<\/p>\n<p data-start=\"2296\" data-end=\"2728\"><strong>Hetimi i SPAK\u00a0<\/strong><\/p>\n<p data-start=\"2730\" data-end=\"3280\">Sipas njoftimit t\u00eb SPAK, hetimet po zhvillohen n\u00eb kuad\u00ebr t\u00eb procedimit penal nr.136 t\u00eb vitit 2025, t\u00eb bashkuar me procedimet nr.167 dhe 181 t\u00eb vitit 2024, p\u00ebr vepr\u00ebn penale \u201cShkelje e barazis\u00eb s\u00eb pjes\u00ebmarr\u00ebsve n\u00eb tendera apo ankande publike\u201d, n\u00eb bashk\u00ebpunim.<\/p>\n<p data-start=\"2730\" data-end=\"3280\">Balluku u njoftua p\u00ebr akuz\u00ebn m\u00eb 21 tetor 2025 dhe u thirr p\u00ebr t\u2019u paraqitur n\u00eb SPAK m\u00eb 31 tetor, n\u00eb or\u00ebn 15:00. Hetimi fokusohet n\u00eb m\u00ebnyr\u00ebn se si u anulua gara e par\u00eb, si u favorizuan kompanit\u00eb turke n\u00eb gar\u00ebn e dyt\u00eb dhe pse punimet p\u00ebrfunduan tek kompania q\u00eb fillimisht ishte skualifikuar.<\/p>\n<p data-start=\"3282\" data-end=\"3768\" data-is-last-node=\"\" data-is-only-node=\"\">Nj\u00eb foto e publikuar vite m\u00eb par\u00eb, ku Belinda Balluku shihet p\u00ebrkrah Arben Ahmetajt gjat\u00eb nj\u00eb takimi n\u00eb Ankara, \u00ebsht\u00eb rikthyer n\u00eb qend\u00ebr t\u00eb v\u00ebmendjes.<\/p>\n<figure id=\"attachment_6851\" class=\"wp-caption alignnone\" aria-describedby=\"caption-attachment-6851\"><img loading=\"lazy\" loading=\"lazy\" decoding=\"async\" class=\"wp-image-6851 size-full\" src=\"https:\/\/skyweb.al\/wp-content\/uploads\/2025\/10\/195450618_157217359715465_3325162715187497681_n.jpg\" sizes=\"auto, (max-width: 960px) 100vw, 960px\" srcset=\"https:\/\/skyweb.al\/wp-content\/uploads\/2025\/10\/195450618_157217359715465_3325162715187497681_n.jpg 960w, https:\/\/skyweb.al\/wp-content\/uploads\/2025\/10\/195450618_157217359715465_3325162715187497681_n-300x200.jpg 300w, https:\/\/skyweb.al\/wp-content\/uploads\/2025\/10\/195450618_157217359715465_3325162715187497681_n-768x511.jpg 768w, https:\/\/skyweb.al\/wp-content\/uploads\/2025\/10\/195450618_157217359715465_3325162715187497681_n-750x499.jpg 750w\" alt=\"Belinda Balluku dhe Arben Ahmetaj, Ankara, fillim qershori 2022\" width=\"960\" height=\"639\" data-pin-no-hover=\"true\" \/><figcaption id=\"caption-attachment-6851\" class=\"wp-caption-text\">Belinda Balluku dhe Arben Ahmetaj, Ankara, fillim qershori 2021<\/figcaption><\/figure>\n<p data-start=\"3282\" data-end=\"3768\" data-is-last-node=\"\" data-is-only-node=\"\">Pik\u00ebrisht pas asaj vizite, tenderi kaloi nga duart e kompanis\u00eb shqiptare te konsorciumi turk.<\/p>\n<p data-start=\"3282\" data-end=\"3768\" data-is-last-node=\"\" data-is-only-node=\"\">Ahmetaj e denoncoi k\u00ebt\u00eb disa muaj m\u00eb par\u00eb n\u00eb media dhe duket se paska patur dijeni t\u00eb plot\u00eb p\u00ebr manovrat, pasi ishte i pranish\u00ebm n\u00eb takim.<\/p>\n<p data-start=\"3282\" data-end=\"3768\" data-is-last-node=\"\" data-is-only-node=\"\">Hetimet e SPAK pritet t\u00eb thellohen mbi lidhjet mes zyrtar\u00ebve shqiptar\u00eb dhe p\u00ebrfaq\u00ebsuesve t\u00eb kompanive turke, nd\u00ebrsa dosja e tunelit t\u00eb Llogaras\u00eb rrezikon t\u00eb kthehet n\u00eb nj\u00eb nga skandalet m\u00eb t\u00eb m\u00ebdha t\u00eb korrupsionit publik t\u00eb viteve t\u00eb fundit.<\/p>\n","protected":false},"excerpt":{"rendered":"<p>SPAK njoftoi sot se z\u00ebvend\u00ebskryeministrja dhe ministrja e Infrastruktur\u00ebs dhe Energjis\u00eb, Belinda Balluku, \u00ebsht\u00eb marr\u00eb zyrtarisht e pandehur p\u00ebr akuz\u00ebn e shkeljes s\u00eb barazis\u00eb n\u00eb tendera publike, n\u00eb lidhje me nd\u00ebrtimin e tunelit t\u00eb Llogaras\u00eb, nj\u00eb prej projekteve m\u00eb t\u00eb m\u00ebdha gjat\u00eb viteve t\u00eb fundit, por edhe q\u00eb ka shkaktuar mjaft debate e akuza n\u00eb [&hellip;]<\/p>\n","protected":false},"author":5,"featured_media":92870,"comment_status":"closed","ping_status":"closed","sticky":false,"template":"","format":"standard","meta":{"footnotes":""},"categories":[1,6326,6332,29228],"tags":[38793],"class_list":{"0":"post-92869","1":"post","2":"type-post","3":"status-publish","4":"format-standard","5":"has-post-thumbnail","7":"category-aktualitet","8":"category-politike","9":"category-te-fundit","10":"category-vendi","11":"tag-tenderi-qe-po-i-ha-koken-belinda-ballukut-dhe-nje-foto-me-ramen-dhe-ahmetajn-ne-ankara"},"_links":{"self":[{"href":"https:\/\/jugulajm.net\/index.php?rest_route=\/wp\/v2\/posts\/92869","targetHints":{"allow":["GET"]}}],"collection":[{"href":"https:\/\/jugulajm.net\/index.php?rest_route=\/wp\/v2\/posts"}],"about":[{"href":"https:\/\/jugulajm.net\/index.php?rest_route=\/wp\/v2\/types\/post"}],"author":[{"embeddable":true,"href":"https:\/\/jugulajm.net\/index.php?rest_route=\/wp\/v2\/users\/5"}],"replies":[{"embeddable":true,"href":"https:\/\/jugulajm.net\/index.php?rest_route=%2Fwp%2Fv2%2Fcomments&post=92869"}],"version-history":[{"count":1,"href":"https:\/\/jugulajm.net\/index.php?rest_route=\/wp\/v2\/posts\/92869\/revisions"}],"predecessor-version":[{"id":92871,"href":"https:\/\/jugulajm.net\/index.php?rest_route=\/wp\/v2\/posts\/92869\/revisions\/92871"}],"wp:featuredmedia":[{"embeddable":true,"href":"https:\/\/jugulajm.net\/index.php?rest_route=\/wp\/v2\/media\/92870"}],"wp:attachment":[{"href":"https:\/\/jugulajm.net\/index.php?rest_route=%2Fwp%2Fv2%2Fmedia&parent=92869"}],"wp:term":[{"taxonomy":"category","embeddable":true,"href":"https:\/\/jugulajm.net\/index.php?rest_route=%2Fwp%2Fv2%2Fcategories&post=92869"},{"taxonomy":"post_tag","embeddable":true,"href":"https:\/\/jugulajm.net\/index.php?rest_route=%2Fwp%2Fv2%2Ftags&post=92869"}],"curies":[{"name":"wp","href":"https:\/\/api.w.org\/{rel}","templated":true}]}}