{"id":92843,"date":"2025-10-30T20:27:02","date_gmt":"2025-10-30T19:27:02","guid":{"rendered":"https:\/\/jugulajm.net\/?p=92843"},"modified":"2025-10-30T20:27:02","modified_gmt":"2025-10-30T19:27:02","slug":"u-thirr-per-21-janarin-lulzim-basha-flet-pas-daljes-nga-spak","status":"publish","type":"post","link":"https:\/\/jugulajm.net\/?p=92843","title":{"rendered":"U thirr p\u00ebr 21 janarin, Lulzim Basha flet pas daljes nga SPAK&#8230;"},"content":{"rendered":"<p>Ish kreu i PD Lulzim Basha ka dal\u00eb nga ambientet e SPAK, ku \u00ebsht\u00eb pyetur nga prokurori Alfred Shehu p\u00ebr ngjarjen e 21 janarit, ku u vran\u00eb 4 veta n\u00eb Bulevard.<\/p>\n<p>Basha, n\u00eb nj\u00eb prononcim p\u00ebr mediat, nuk ka pranuar t\u00eb tregoj\u00eb detaje, duke th\u00ebn\u00eb se do ruaj sekretin hetimor dhe deklaroi gjith\u00e7ka q\u00eb dinte, gjat\u00eb koh\u00ebs q\u00eb ai ka mbajtur postin e ministrit t\u00eb Brendsh\u00ebm.<\/p>\n<p><em>\u201cDuhet t\u00eb ruaj sekretin hetimor. Jam thirrur si person q\u00eb ka dijeni p\u00ebr nj\u00eb \u00e7\u00ebshtje q\u00eb kam dijeni, informacionin merreni te SPAK. Konferenc\u00ebn p\u00ebr shtyp nj\u00ebher\u00eb tjet\u00ebr.\u201d<\/em>, &#8211; tha Basha.<\/p>\n","protected":false},"excerpt":{"rendered":"<p>Ish kreu i PD Lulzim Basha ka dal\u00eb nga ambientet e SPAK, ku \u00ebsht\u00eb pyetur nga prokurori Alfred Shehu p\u00ebr ngjarjen e 21 janarit, ku u vran\u00eb 4 veta n\u00eb Bulevard. Basha, n\u00eb nj\u00eb prononcim p\u00ebr mediat, nuk ka pranuar t\u00eb tregoj\u00eb detaje, duke th\u00ebn\u00eb se do ruaj sekretin hetimor dhe deklaroi gjith\u00e7ka q\u00eb dinte, [&hellip;]<\/p>\n","protected":false},"author":5,"featured_media":92844,"comment_status":"closed","ping_status":"closed","sticky":false,"template":"","format":"standard","meta":{"footnotes":""},"categories":[1,6332,29228],"tags":[38782,38781],"class_list":{"0":"post-92843","1":"post","2":"type-post","3":"status-publish","4":"format-standard","5":"has-post-thumbnail","7":"category-aktualitet","8":"category-te-fundit","9":"category-vendi","10":"tag-lulzim-basha-flet-pas-daljes-nga-spak","11":"tag-u-thirr-per-21-janarin"},"_links":{"self":[{"href":"https:\/\/jugulajm.net\/index.php?rest_route=\/wp\/v2\/posts\/92843","targetHints":{"allow":["GET"]}}],"collection":[{"href":"https:\/\/jugulajm.net\/index.php?rest_route=\/wp\/v2\/posts"}],"about":[{"href":"https:\/\/jugulajm.net\/index.php?rest_route=\/wp\/v2\/types\/post"}],"author":[{"embeddable":true,"href":"https:\/\/jugulajm.net\/index.php?rest_route=\/wp\/v2\/users\/5"}],"replies":[{"embeddable":true,"href":"https:\/\/jugulajm.net\/index.php?rest_route=%2Fwp%2Fv2%2Fcomments&post=92843"}],"version-history":[{"count":1,"href":"https:\/\/jugulajm.net\/index.php?rest_route=\/wp\/v2\/posts\/92843\/revisions"}],"predecessor-version":[{"id":92845,"href":"https:\/\/jugulajm.net\/index.php?rest_route=\/wp\/v2\/posts\/92843\/revisions\/92845"}],"wp:featuredmedia":[{"embeddable":true,"href":"https:\/\/jugulajm.net\/index.php?rest_route=\/wp\/v2\/media\/92844"}],"wp:attachment":[{"href":"https:\/\/jugulajm.net\/index.php?rest_route=%2Fwp%2Fv2%2Fmedia&parent=92843"}],"wp:term":[{"taxonomy":"category","embeddable":true,"href":"https:\/\/jugulajm.net\/index.php?rest_route=%2Fwp%2Fv2%2Fcategories&post=92843"},{"taxonomy":"post_tag","embeddable":true,"href":"https:\/\/jugulajm.net\/index.php?rest_route=%2Fwp%2Fv2%2Ftags&post=92843"}],"curies":[{"name":"wp","href":"https:\/\/api.w.org\/{rel}","templated":true}]}}