{"id":92758,"date":"2025-10-28T14:22:48","date_gmt":"2025-10-28T13:22:48","guid":{"rendered":"https:\/\/jugulajm.net\/?p=92758"},"modified":"2025-10-28T14:23:24","modified_gmt":"2025-10-28T13:23:24","slug":"video-foto-cpo-ndodh-me-ballukun-shfaqet-me-sy-te-nxire","status":"publish","type":"post","link":"https:\/\/jugulajm.net\/?p=92758","title":{"rendered":"VIDEO-FOTO\/ \u00c7&#8217;po ndodh me Ballukun, shfaqet me sy t\u00eb nxir\u00eb&#8230;"},"content":{"rendered":"<p>Z\u00ebvend\u00ebskryeministrja Belinda Balluku, nj\u00ebher\u00ebsh minist\u00ebr p\u00ebr Infrastruktur\u00ebn dhe Energjin\u00eb, po kalon dit\u00eb t\u00eb err\u00ebta s\u00eb fundmi.<\/p>\n<p>Vet\u00ebm pak dit\u00eb pasi u zbulua se \u00ebsht\u00eb n\u00ebn hetim nga SPAK, Belinda shfaqet me sy t\u00eb nxir\u00eb duke ngritur pik\u00ebpyetje se \u00e7\u2019po ndodh me t\u00eb!<\/p>\n<p><img loading=\"lazy\" loading=\"lazy\" decoding=\"async\" class=\"alignnone size-full wp-image-1616144\" src=\"https:\/\/boldnews.al\/wp-content\/uploads\/2025\/10\/collage-6-1.jpg\" alt=\"\" width=\"600\" height=\"400\" data-pin-no-hover=\"true\" \/><\/p>\n<p>Si\u00e7 shihet n\u00eb nj\u00eb video t\u00eb postuar nga vet\u00eb ajo ku prezanton drejtorin e ri t\u00eb Portit t\u00eb Durr\u00ebsit, Liburn Aliu, pasi u \u201cgodit\u201d nga SPAK, Bela ka p\u00ebsuar edhe nj\u00eb tjet\u00ebr \u201cgoditje\u201d n\u00eb fytyr\u00eb.<\/p>\n<p><iframe loading=\"lazy\" src=\"https:\/\/www.facebook.com\/plugins\/video.php?height=476&amp;href=https%3A%2F%2Fwww.facebook.com%2Freel%2F1534359077594758%2F&amp;show_text=false&amp;width=267&amp;t=0\" width=\"267\" height=\"476\" frameborder=\"0\" scrolling=\"no\" allowfullscreen=\"allowfullscreen\" data-mce-fragment=\"1\"><\/iframe><\/p>\n<p>Belinda Balluku \u00ebsht\u00eb thirrur t\u00eb paraqitet n\u00eb Prokurorin\u00eb e Posa\u00e7me. Ftesa p\u00ebr paraqitje mban firm\u00ebn e prokurorit t\u00eb posa\u00e7\u00ebm Dritan Pren\u00e7i, i cili ka k\u00ebrkuar q\u00eb z\u00ebvend\u00ebskryeministrja t\u00eb jet\u00eb e asistuar nga nj\u00eb avokat, nj\u00eb praktik\u00eb q\u00eb n\u00ebnkupton se ndaj saj mund t\u00eb komunikohet zyrtarisht nj\u00eb akuz\u00eb penale.<\/p>\n<p>Thirrjes s\u00eb par\u00eb q\u00eb t\u00eb paraqitej dit\u00ebn e h\u00ebn\u00eb ajo nuk iu p\u00ebrgjigj, pasi ndodhej jasht\u00eb vendit, por p\u00ebr t\u00eb ka nj\u00eb tjet\u00ebr flet\u00ebthirrje q\u00eb t\u00eb paraqitet dit\u00ebn e premte n\u00eb SPAK.<\/p>\n","protected":false},"excerpt":{"rendered":"<p>Z\u00ebvend\u00ebskryeministrja Belinda Balluku, nj\u00ebher\u00ebsh minist\u00ebr p\u00ebr Infrastruktur\u00ebn dhe Energjin\u00eb, po kalon dit\u00eb t\u00eb err\u00ebta s\u00eb fundmi. Vet\u00ebm pak dit\u00eb pasi u zbulua se \u00ebsht\u00eb n\u00ebn hetim nga SPAK, Belinda shfaqet me sy t\u00eb nxir\u00eb duke ngritur pik\u00ebpyetje se \u00e7\u2019po ndodh me t\u00eb! Si\u00e7 shihet n\u00eb nj\u00eb video t\u00eb postuar nga vet\u00eb ajo ku prezanton drejtorin [&hellip;]<\/p>\n","protected":false},"author":5,"featured_media":92759,"comment_status":"closed","ping_status":"closed","sticky":false,"template":"","format":"standard","meta":{"footnotes":""},"categories":[1,6332,29228],"tags":[38743,38744],"class_list":{"0":"post-92758","1":"post","2":"type-post","3":"status-publish","4":"format-standard","5":"has-post-thumbnail","7":"category-aktualitet","8":"category-te-fundit","9":"category-vendi","10":"tag-cpo-ndodh-me-ballukun","11":"tag-shfaqet-me-sy-te-nxire"},"_links":{"self":[{"href":"https:\/\/jugulajm.net\/index.php?rest_route=\/wp\/v2\/posts\/92758","targetHints":{"allow":["GET"]}}],"collection":[{"href":"https:\/\/jugulajm.net\/index.php?rest_route=\/wp\/v2\/posts"}],"about":[{"href":"https:\/\/jugulajm.net\/index.php?rest_route=\/wp\/v2\/types\/post"}],"author":[{"embeddable":true,"href":"https:\/\/jugulajm.net\/index.php?rest_route=\/wp\/v2\/users\/5"}],"replies":[{"embeddable":true,"href":"https:\/\/jugulajm.net\/index.php?rest_route=%2Fwp%2Fv2%2Fcomments&post=92758"}],"version-history":[{"count":2,"href":"https:\/\/jugulajm.net\/index.php?rest_route=\/wp\/v2\/posts\/92758\/revisions"}],"predecessor-version":[{"id":92761,"href":"https:\/\/jugulajm.net\/index.php?rest_route=\/wp\/v2\/posts\/92758\/revisions\/92761"}],"wp:featuredmedia":[{"embeddable":true,"href":"https:\/\/jugulajm.net\/index.php?rest_route=\/wp\/v2\/media\/92759"}],"wp:attachment":[{"href":"https:\/\/jugulajm.net\/index.php?rest_route=%2Fwp%2Fv2%2Fmedia&parent=92758"}],"wp:term":[{"taxonomy":"category","embeddable":true,"href":"https:\/\/jugulajm.net\/index.php?rest_route=%2Fwp%2Fv2%2Fcategories&post=92758"},{"taxonomy":"post_tag","embeddable":true,"href":"https:\/\/jugulajm.net\/index.php?rest_route=%2Fwp%2Fv2%2Ftags&post=92758"}],"curies":[{"name":"wp","href":"https:\/\/api.w.org\/{rel}","templated":true}]}}