{"id":92740,"date":"2025-10-28T09:56:56","date_gmt":"2025-10-28T08:56:56","guid":{"rendered":"https:\/\/jugulajm.net\/?p=92740"},"modified":"2025-10-28T09:56:56","modified_gmt":"2025-10-28T08:56:56","slug":"bushati-po-su-arratis-spak-do-e-diskreditoje-ballukun-me-vibratore-tanga-dhe-dashnoret","status":"publish","type":"post","link":"https:\/\/jugulajm.net\/?p=92740","title":{"rendered":"Bushati: Po s&#8217;u arratis, SPAK do e diskreditoj\u00eb Ballukun me vibrator\u00eb, tanga dhe dashnor\u00ebt"},"content":{"rendered":"<p>Analisti, Andi Bushati ngre pik\u00ebpyetje t\u00eb m\u00ebdha se cili \u00ebsht\u00eb interesi i Edi Rama p\u00ebr t\u00eb dor\u00ebzuar n\u00eb SPAK, z\u00ebvend\u00ebsen e tij, Belinda Ballukun.<\/p>\n<p>Duke folur n\u00eb Syri Tv, Bushati tha se Balluku nuk \u00ebsht\u00eb asgj\u00eb, krahasuar me tre shtyllat kryesore n\u00eb t\u00eb cilat mb\u00ebshtetet Rama p\u00ebr t\u00eb mbajtur pushtetin, parat\u00eb e drog\u00ebs, vjedhja e zgjedhjeve dhe mediat e kapura komb\u00ebtare.<\/p>\n<p>Sipas Bushatit, sa koh\u00eb q\u00eb Ram\u00ebs k\u00ebto tre shtylla nuk i preken, nuk i intereson se k\u00eb dor\u00ebzon n\u00eb radh\u00ebt e t\u00eb vet\u00ebve. Por faktin q\u00eb Balluku nuk \u00ebsht\u00eb thirrur p\u00ebr t\u2019u pyetur n\u00eb SPAK, Bushati e sheh si nj\u00eb negocim mes prokuror\u00ebve t\u00eb Posa\u00e7\u00ebm dhe qeveris\u00eb.<\/p>\n<p>Bushati thot\u00eb se n\u00eb rast se Balluku nuk arratiset, rrezikohet q\u00eb SPAK ta diskreditoj\u00eb, duke e hetuar p\u00ebr gj\u00ebra banale.<\/p>\n<p><strong>Andi Bushati:<\/strong>\u00a0<em>\u00c7far\u00eb interesi ka Rama? K\u00ebta evropian\u00ebt q\u00eb kan\u00eb hedh lek\u00eb, mund t\u2019i k\u00ebrkojn\u00eb her\u00eb pas her\u00eb p\u00ebr viktim\u00eb. A i prish pun\u00eb SPAK k\u00ebshtu Edi Ram\u00ebs. SPAK ka 3 kolona, t\u00eb domosdoshme p\u00ebr nj\u00eb sistem autokratik. 1- S\u2019prek borit\u00eb e Ram\u00ebs, TCH e Klan, 2- s\u2019prek vjedhjen e zgjedhjeve, 3- nuk prek lek\u00ebt e drog\u00ebs q\u00eb ngren\u00eb kullat e Tiran\u00ebs q\u00eb mbajn\u00eb flluskat e ekonomis\u00eb. K\u00ebto t\u00eb 3 SPAK, s\u2019i prek.<\/em><\/p>\n<div class=\"jeg_ad jeg_ad_article jnews_content_inline_2_ads  \">\n<div class=\"ads-wrapper align-center \">\n<div class=\"ads_code\"><em>SPAK rri memec p\u00ebr Ballukun, se thot\u00eb e kam thirr s\u2019e kam thirr. Kjo tregon se p\u00ebr rastin e Ballukut po negociohet, mes prokuror\u00ebve t\u00eb SPAK dhe qeveris\u00eb. Ne s\u2019e dim\u00eb, \u00e7far\u00eb po ndodh, n\u00ebse kjo q\u00eb thuhet p\u00ebr Ballukun \u00ebsht\u00eb e v\u00ebrtet\u00eb q\u00eb shtyllat e regjimit s\u2019preken. Arben Ahmetajn, dy vila, ku e ka b\u00ebr\u00eb korrupsionin qeveritar nuk dihej. Beqaj \u00e7onte lek\u00ebt te restoranti, p\u00ebr k\u00ebt\u00eb hetohet. Veliaj, jo p\u00ebr zgjedhje e 5D, p\u00ebr brek\u00ebt e fustanet e Ajol\u00ebs\u2026.asnj\u00ebri nga k\u00ebta nga SPAK i madh nuk hetohet p\u00ebr krimin fondamental.<\/em><\/div>\n<\/div>\n<\/div>\n<p><em>K\u00ebto jan\u00eb hajdut\u00ebt e vegj\u00ebl brenda veprave t\u00eb mira t\u00eb m\u00ebdha. Ky \u00ebsht\u00eb dhe rasti i Ballukut. 50 mln nga tenderi kan\u00eb avulluar, nj\u00eb nga Tv e m\u00ebdhenj, \u00ebsht\u00eb p\u00ebrfitues i madh i thel\u00ebs, SPAK nuk prek, tek incinetarori s\u2019preket TCH, se del para e madhe. Sepse preken nj\u00eb nga shtyllat. \u00c7do njeri q\u00eb prek, s\u2019e prek t\u00eb lidhur me regjimin. Pushteti marshon i lavdish\u00ebm para, po ky pushtet ha ndonj\u00eb gj\u00eb prapa shpin\u00ebs s\u00eb pushtetit.<\/em><\/p>\n<p><em>Belinda Balluku ka koh\u00eb t\u00eb tregohet inteligjente, t\u00eb arratiset. Se po ra n\u00eb kthetrat e k\u00ebtyre, e prokuror\u00ebve t\u00eb SPAK q\u00eb s\u2019do hetojn\u00eb p\u00ebr krimet e qeveris\u00eb, por do i num\u00ebrojn\u00eb p\u00ebr vibrator\u00ebt, tangat e dashnor\u00ebt q\u00eb ka futur n\u00eb shpi, e do e diskreditojn\u00eb se s\u2019ka k\u00ebllqe p\u00ebr pushtetin. Bien hajdut\u00ebt ordiner\u00eb, SPAK lart\u00ebson kryehajdutin.<\/em><\/p>\n","protected":false},"excerpt":{"rendered":"<p>Analisti, Andi Bushati ngre pik\u00ebpyetje t\u00eb m\u00ebdha se cili \u00ebsht\u00eb interesi i Edi Rama p\u00ebr t\u00eb dor\u00ebzuar n\u00eb SPAK, z\u00ebvend\u00ebsen e tij, Belinda Ballukun. Duke folur n\u00eb Syri Tv, Bushati tha se Balluku nuk \u00ebsht\u00eb asgj\u00eb, krahasuar me tre shtyllat kryesore n\u00eb t\u00eb cilat mb\u00ebshtetet Rama p\u00ebr t\u00eb mbajtur pushtetin, parat\u00eb e drog\u00ebs, vjedhja e [&hellip;]<\/p>\n","protected":false},"author":5,"featured_media":92741,"comment_status":"closed","ping_status":"closed","sticky":false,"template":"","format":"standard","meta":{"footnotes":""},"categories":[34865,6332],"tags":[38732,38733,38734],"class_list":{"0":"post-92740","1":"post","2":"type-post","3":"status-publish","4":"format-standard","5":"has-post-thumbnail","7":"category-analiza","8":"category-te-fundit","9":"tag-bushati-po-su-arratis","10":"tag-spak-do-e-diskreditoje-ballukun-me-vibratore","11":"tag-tanga-dhe-dashnoret"},"_links":{"self":[{"href":"https:\/\/jugulajm.net\/index.php?rest_route=\/wp\/v2\/posts\/92740","targetHints":{"allow":["GET"]}}],"collection":[{"href":"https:\/\/jugulajm.net\/index.php?rest_route=\/wp\/v2\/posts"}],"about":[{"href":"https:\/\/jugulajm.net\/index.php?rest_route=\/wp\/v2\/types\/post"}],"author":[{"embeddable":true,"href":"https:\/\/jugulajm.net\/index.php?rest_route=\/wp\/v2\/users\/5"}],"replies":[{"embeddable":true,"href":"https:\/\/jugulajm.net\/index.php?rest_route=%2Fwp%2Fv2%2Fcomments&post=92740"}],"version-history":[{"count":1,"href":"https:\/\/jugulajm.net\/index.php?rest_route=\/wp\/v2\/posts\/92740\/revisions"}],"predecessor-version":[{"id":92742,"href":"https:\/\/jugulajm.net\/index.php?rest_route=\/wp\/v2\/posts\/92740\/revisions\/92742"}],"wp:featuredmedia":[{"embeddable":true,"href":"https:\/\/jugulajm.net\/index.php?rest_route=\/wp\/v2\/media\/92741"}],"wp:attachment":[{"href":"https:\/\/jugulajm.net\/index.php?rest_route=%2Fwp%2Fv2%2Fmedia&parent=92740"}],"wp:term":[{"taxonomy":"category","embeddable":true,"href":"https:\/\/jugulajm.net\/index.php?rest_route=%2Fwp%2Fv2%2Fcategories&post=92740"},{"taxonomy":"post_tag","embeddable":true,"href":"https:\/\/jugulajm.net\/index.php?rest_route=%2Fwp%2Fv2%2Ftags&post=92740"}],"curies":[{"name":"wp","href":"https:\/\/api.w.org\/{rel}","templated":true}]}}