{"id":92675,"date":"2025-10-25T11:01:47","date_gmt":"2025-10-25T09:01:47","guid":{"rendered":"https:\/\/jugulajm.net\/?p=92675"},"modified":"2025-10-25T11:01:47","modified_gmt":"2025-10-25T09:01:47","slug":"rama-diella-eshte-shtatezene-do-linde-femije-qe-do-i-jepet-per-cdo-deputet","status":"publish","type":"post","link":"https:\/\/jugulajm.net\/?p=92675","title":{"rendered":"Rama: Diella \u00ebsht\u00eb shtat\u00ebz\u00ebn\u00eb, do lind\u00eb f\u00ebmij\u00eb q\u00eb do i jepet p\u00ebr \u00e7do deputet"},"content":{"rendered":"<p>Kryeministri Edi Rama, n\u00eb Dialogun e Ballkanit, ka b\u00ebr\u00eb t\u00eb ditur se Diella \u2014 asistenti virtual me inteligjenc\u00eb artificiale \u2014 do t\u00eb krijoj\u00eb edhe t\u00eb tjera nj\u00ebsi t\u00eb ngjashme, duke e cil\u00ebsuar k\u00ebt\u00eb projekt si nj\u00eb proces n\u00eb zhvillim. Madje, ai tha me humor se \u201cDiella \u00ebsht\u00eb shtatz\u00ebn\u00eb\u201d dhe se \u201cdo t\u00eb ket\u00eb 81 f\u00ebmij\u00eb\u201d, duke iu referuar versioneve t\u00eb personalizuara p\u00ebr deputet\u00ebt.<\/p>\n<p>\u201cDiella \u00ebsht\u00eb shtatz\u00ebn\u00eb dhe do t\u00eb ket\u00eb 81 f\u00ebmij\u00eb. \u00c7do nj\u00ebri do t\u00eb jet\u00eb p\u00ebr nga nj\u00eb an\u00ebtar t\u00eb parlamentit ton\u00eb. Do t\u00eb sh\u00ebrbej\u00eb si asistent personal p\u00ebr secilin, duke mbajtur sh\u00ebnim \u00e7do zhvillim dhe duke informuar n\u00eb koh\u00eb reale. F\u00ebmij\u00ebt do t\u00eb trash\u00ebgojn\u00eb dijen e \u2018n\u00ebn\u00ebs s\u00eb tyre\u2019 p\u00ebr legjislacionin e Bashkimit Evropian,\u201d u shpreh Rama.<\/p>\n<p>Ai shtoi me ironi: \u201cNe kemi kafe m\u00eb t\u00eb mir\u00eb se n\u00eb Gjermani. Por n\u00ebse shkon p\u00ebr kafe dhe harron t\u00eb kthehesh n\u00eb pun\u00eb, ky f\u00ebmij\u00eb (asistent AI) do t\u00eb t\u00eb informoj\u00eb p\u00ebr gjith\u00e7ka q\u00eb ka ndodhur dhe, n\u00ebse \u00ebsht\u00eb p\u00ebrmendur emri yt, do t\u00eb t\u00eb njoftoj\u00eb p\u00ebr t\u00eb reaguar.\u201d<\/p>\n<p>Megjithat\u00eb, nuk \u00ebsht\u00eb b\u00ebr\u00eb e qart\u00eb pse do t\u00eb jen\u00eb vet\u00ebm 81 asistent\u00eb digjital\u00eb dhe jo 140 \u2014 sa \u00ebsht\u00eb numri i p\u00ebrgjithsh\u00ebm i deputet\u00ebve n\u00eb Kuvend. N\u00eb fakt, nga Partia Socialiste \u00ebsht\u00eb propozuar m\u00eb her\u00ebt ulja e numrit t\u00eb deputet\u00ebve, ndaj kjo shif\u00ebr mund t\u00eb lidhet me at\u00eb iniciativ\u00eb.<\/p>\n","protected":false},"excerpt":{"rendered":"<p>Kryeministri Edi Rama, n\u00eb Dialogun e Ballkanit, ka b\u00ebr\u00eb t\u00eb ditur se Diella \u2014 asistenti virtual me inteligjenc\u00eb artificiale \u2014 do t\u00eb krijoj\u00eb edhe t\u00eb tjera nj\u00ebsi t\u00eb ngjashme, duke e cil\u00ebsuar k\u00ebt\u00eb projekt si nj\u00eb proces n\u00eb zhvillim. Madje, ai tha me humor se \u201cDiella \u00ebsht\u00eb shtatz\u00ebn\u00eb\u201d dhe se \u201cdo t\u00eb ket\u00eb 81 f\u00ebmij\u00eb\u201d, [&hellip;]<\/p>\n","protected":false},"author":5,"featured_media":92676,"comment_status":"closed","ping_status":"closed","sticky":false,"template":"","format":"standard","meta":{"footnotes":""},"categories":[6326,6332],"tags":[38710,38709],"class_list":{"0":"post-92675","1":"post","2":"type-post","3":"status-publish","4":"format-standard","5":"has-post-thumbnail","7":"category-politike","8":"category-te-fundit","9":"tag-do-linde-femije-qe-do-i-jepet-per-cdo-deputet","10":"tag-rama-diella-eshte-shtatezene"},"_links":{"self":[{"href":"https:\/\/jugulajm.net\/index.php?rest_route=\/wp\/v2\/posts\/92675","targetHints":{"allow":["GET"]}}],"collection":[{"href":"https:\/\/jugulajm.net\/index.php?rest_route=\/wp\/v2\/posts"}],"about":[{"href":"https:\/\/jugulajm.net\/index.php?rest_route=\/wp\/v2\/types\/post"}],"author":[{"embeddable":true,"href":"https:\/\/jugulajm.net\/index.php?rest_route=\/wp\/v2\/users\/5"}],"replies":[{"embeddable":true,"href":"https:\/\/jugulajm.net\/index.php?rest_route=%2Fwp%2Fv2%2Fcomments&post=92675"}],"version-history":[{"count":1,"href":"https:\/\/jugulajm.net\/index.php?rest_route=\/wp\/v2\/posts\/92675\/revisions"}],"predecessor-version":[{"id":92677,"href":"https:\/\/jugulajm.net\/index.php?rest_route=\/wp\/v2\/posts\/92675\/revisions\/92677"}],"wp:featuredmedia":[{"embeddable":true,"href":"https:\/\/jugulajm.net\/index.php?rest_route=\/wp\/v2\/media\/92676"}],"wp:attachment":[{"href":"https:\/\/jugulajm.net\/index.php?rest_route=%2Fwp%2Fv2%2Fmedia&parent=92675"}],"wp:term":[{"taxonomy":"category","embeddable":true,"href":"https:\/\/jugulajm.net\/index.php?rest_route=%2Fwp%2Fv2%2Fcategories&post=92675"},{"taxonomy":"post_tag","embeddable":true,"href":"https:\/\/jugulajm.net\/index.php?rest_route=%2Fwp%2Fv2%2Ftags&post=92675"}],"curies":[{"name":"wp","href":"https:\/\/api.w.org\/{rel}","templated":true}]}}