{"id":92667,"date":"2025-10-25T09:12:10","date_gmt":"2025-10-25T07:12:10","guid":{"rendered":"https:\/\/jugulajm.net\/?p=92667"},"modified":"2025-10-25T09:14:29","modified_gmt":"2025-10-25T07:14:29","slug":"perse-rama-ka-te-drejte-te-irritohet-me-kryetaret-e-bashkive","status":"publish","type":"post","link":"https:\/\/jugulajm.net\/?p=92667","title":{"rendered":"P\u00ebrse Rama ka t\u00eb drejt\u00eb t\u00eb irritohet me kryetar\u00ebt e bashkive"},"content":{"rendered":"<p><strong>Nga Fejzo Subashi<\/strong><\/p>\n<p>Iniciativa dhe veprimi i Kryeministrit Edi Rama p\u00ebr t\u00eb v\u00ebn\u00eb n\u00eb efi\u00e7enc\u00eb dhe p\u00ebrshpejtuar zbatimin e ligjeve q\u00eb lidhen me administrimin e tok\u00ebs bujq\u00ebsore, pyjore e t\u00eb kullotave \u00ebsht\u00eb jo vet\u00ebm i drejt\u00eb, por edhe i domosdoshme. Ajo duhet lexuar dhe kuptuar, si nj\u00eb p\u00ebrpjekje p\u00ebr t\u00eb rikthyer rendin, ligjin dhe funksionimin e shtetit n\u00eb territor, aty ku shpesh mbizot\u00ebron kaosi, pap\u00ebrgjegj\u00ebsia dhe mosveprimi i pushtetit vendor.<\/p>\n<p>N\u00eb fakt, Rama ka \u00e7do arsye t\u00eb irritohet me kryetar\u00ebt e bashkive. Jo pse i mungon durimi, por sepse atyre jo vet\u00ebm u mungon vizioni, por p\u00ebrgjegj\u00ebsia dhe ndjenja e detyr\u00ebs. Shum\u00eb prej tyre e kan\u00eb kuptuar administrimin e bashkis\u00eb vet\u00ebm si artin e shp\u00ebrndarjes s\u00eb buxhetit, jo t\u00eb menaxhimit t\u00eb pasurive e resurseve t\u00eb territorit. T\u00eb harxhojn\u00eb, jo t\u00eb krijojn\u00eb. T\u00eb ndajn\u00eb, jo t\u00eb nd\u00ebrtojn\u00eb.<\/p>\n<p>Nd\u00ebrkoh\u00eb, qytetar\u00ebt, qofshin k\u00ebta n\u00eb fshat, apo qytet, t\u00eb majt\u00eb apo t\u00eb djatht\u00eb, pun\u00ebtor apo pensionist, punonj\u00ebs privat apo n\u00eb shtet, k\u00ebrkojn\u00eb me t\u00eb drejt\u00eb paga m\u00eb t\u00eb larta, pensione m\u00eb t\u00eb denja, kushte m\u00eb t\u00eb mira jetese, sh\u00ebrbim sh\u00ebndet\u00ebsor m\u00eb cil\u00ebsor, rrug\u00eb, uj\u00eb e drit\u00eb. K\u00ebrkojm\u00eb gjith\u00e7ka dhe mir\u00eb b\u00ebjm\u00eb q\u00eb k\u00ebrkojm\u00eb, por harrojm\u00eb detyrimet q\u00eb kemi ndaj shtetit, si qytetar apo n\u00eb \u00e7do status qofshim. Kemi d\u00ebshir\u00eb t\u00eb kemi prona e biznese, por jo t\u00eb paguajm\u00eb taksa. Kemi qejf t\u00eb k\u00ebrkojm\u00eb, por jo t\u00eb kontribuojm\u00eb. Dhe, fatkeq\u00ebsisht, kjo filozofi \u201clyp\u00ebsie\u201d \u00ebsht\u00eb ngjitur edhe n\u00eb shum\u00eb bashki, sidomos krer\u00ebt e tyre.<\/p>\n<p>Kryetar\u00ebt e bashkive shpesh b\u00ebhen penges\u00eb, jo ur\u00eb lidh\u00ebse. Mendojn\u00eb m\u00eb shum\u00eb p\u00ebr pes\u00eb votues t\u00eb pak\u00ebnaqur sesa p\u00ebr gjith\u00eb komunitetin. Nuk reagojn\u00eb ndaj nevojave t\u00eb qytetar\u00ebve, as ndaj mund\u00ebsive t\u00eb investitor\u00ebve. Disa madje krijojn\u00eb barriera artificiale, vet\u00ebm q\u00eb t\u00eb mos prishin rehatin e tyre. Si mund ta kuptojn\u00eb, pra, vizionin e Ram\u00ebs, kur nuk kan\u00eb as iden\u00eb e detyr\u00ebs q\u00eb mbajn\u00eb si \u201cqytetar\u00eb t\u00eb par\u00eb\u201d t\u00eb bashkis\u00eb?<br \/>\nN\u00eb thelb, ajo q\u00eb po p\u00ebrpiqet t\u00eb b\u00ebj\u00eb Kryeministri \u00ebsht\u00eb nj\u00eb korrigjim historik: rregullimi i marr\u00ebdh\u00ebnies s\u00eb shtetit dhe qytetar\u00ebve me tok\u00ebn, me pron\u00ebn, me ligjin.<br \/>\nLigji 7501 u dha njer\u00ebzve tok\u00ebn p\u00ebr ta punuar, p\u00ebr t\u00eb jetuar prej saj, jo p\u00ebr ta braktisur apo p\u00ebr ta kthyer n\u00eb pron\u00eb t\u00eb ngrir\u00eb. Sot, nj\u00eb pjes\u00eb e mir\u00eb e k\u00ebtyre tokave jan\u00eb l\u00ebn\u00eb djerr\u00eb, nd\u00ebrsa pronar\u00ebt k\u00ebrkojn\u00eb ndihma nga shteti p\u00ebr t\u00eb jetuar. Edhe m\u00eb keq, toka pyjore e kullotat jan\u00eb zaptuar e pushtuar, shpesh n\u00eb m\u00ebnyr\u00eb t\u00eb paligjshme. N\u00eb shum\u00eb fshatra t\u00eb braktisur, disa individ\u00eb kan\u00eb marr\u00eb n\u00eb dor\u00eb gjith\u00e7ka: Ku ndalojn\u00eb t\u00eb tjer\u00ebt t\u00eb kthehen, pengojn\u00eb investitor\u00ebt. Ata b\u00ebjn\u00eb ligjin e tyre mbi tok\u00ebn e shtetit. K\u00ebtu hesht dhe shpesh edhe pajtohet administrata , institucionet vendore, por edhe policia vendore e shtetit.<\/p>\n<p>N\u00eb k\u00ebt\u00eb degradim t\u00eb marr\u00ebdh\u00ebnies me tok\u00ebn dhe administrimin e saj ka pasur e gjith\u00eb klasa e politike . N\u00eb m\u00ebnyr\u00eb t\u00eb ve\u00e7ant\u00eb ka pasur edhe qasja qeveris demokratike dhe kryeministrit Sali Berisha, n\u00eb fillesat e ekonomis\u00eb s\u00eb tregut , pas shp\u00ebrb\u00ebrjes s\u00eb pron\u00ebs kolektive. Ishte ai q\u00eb lejoi shitjen dhe tjet\u00ebrsimin e tok\u00ebs bujq\u00ebsore, e cila ndalohej me ligj. Toka u dha dhe duhej t\u00eb ishte burim prodhimi, u kthye n\u00eb mall tregu pa qen\u00eb e till\u00eb. Me at\u00eb politik\u00eb nisi ndarja e madhe midis pron\u00ebs bujq\u00ebsore dhe pron\u00ebs urbane, ku e para u zhvesh nga \u00e7do funksion ekonomik dhe u b\u00eb pjes\u00eb e nd\u00ebrtimit pa kriter, spekulimit dhe betonizimit. Sot, burimi m\u00eb i madh i t\u00eb ardhurave q\u00eb nj\u00eb vend mund t\u00eb ket\u00eb, prodhimi bujq\u00ebsor. pothuajse nuk ekziston m\u00eb.<br \/>\nToka bujq\u00ebsore mund t\u00eb jet\u00eb pron\u00eb jote, por ajo nuk \u00ebsht\u00eb nj\u00ebsoj si sht\u00ebpia apo parcela urbane. Ajo \u00ebsht\u00eb pasuri komb\u00ebtare n\u00eb p\u00ebrdorim privat. Ka nevoj\u00eb p\u00ebr kontribut, p\u00ebr pun\u00eb, p\u00ebr prodhim. Dhe kur ky kontribut mungon, kur toka braktiset, kur nuk paguhen taksat dhe detyrimet, at\u00ebher\u00eb ajo duhet t\u2019i kthehet shtetit. Shteti nuk mund t\u00eb q\u00ebndroj\u00eb spektator p\u00ebrball\u00eb shkat\u00ebrrimit t\u00eb vetvetes.<br \/>\nPrandaj nd\u00ebrhyrja e Ram\u00ebs nuk \u00ebsht\u00eb zem\u00ebrim personal \u00ebsht\u00eb detyr\u00eb shtet\u00ebrore. Ai po p\u00ebrpiqet t\u00eb vendos\u00eb themelet e shtetit modern shqiptar, q\u00eb fillojn\u00eb aty ku nis \u00e7do qytet\u00ebrim: te prona, ligji dhe ndjenja e p\u00ebrbashk\u00ebt e p\u00ebrgjegj\u00ebsis\u00eb.<br \/>\nN\u00eb dukje mund t\u00eb duket se po prek interesa, po trazon rehatin\u00eb e ndokujt, po i \u201cb\u00ebn keq\u201d dikujt. N\u00eb t\u00eb v\u00ebrtet\u00eb, po i b\u00ebn mir\u00eb shtetit. Sepse nj\u00eb shtet q\u00eb nuk mbron tok\u00ebn e vet, nuk mbron as t\u00eb ardhmen e vet.<\/p>\n","protected":false},"excerpt":{"rendered":"<p>Nga Fejzo Subashi Iniciativa dhe veprimi i Kryeministrit Edi Rama p\u00ebr t\u00eb v\u00ebn\u00eb n\u00eb efi\u00e7enc\u00eb dhe p\u00ebrshpejtuar zbatimin e ligjeve q\u00eb lidhen me administrimin e tok\u00ebs bujq\u00ebsore, pyjore e t\u00eb kullotave \u00ebsht\u00eb jo vet\u00ebm i drejt\u00eb, por edhe i domosdoshme. Ajo duhet lexuar dhe kuptuar, si nj\u00eb p\u00ebrpjekje p\u00ebr t\u00eb rikthyer rendin, ligjin dhe funksionimin [&hellip;]<\/p>\n","protected":false},"author":5,"featured_media":87273,"comment_status":"closed","ping_status":"closed","sticky":false,"template":"","format":"standard","meta":{"footnotes":""},"categories":[34865,6332],"tags":[36132,38707],"class_list":{"0":"post-92667","1":"post","2":"type-post","3":"status-publish","4":"format-standard","5":"has-post-thumbnail","7":"category-analiza","8":"category-te-fundit","9":"tag-fejzo-subashi","10":"tag-perse-rama-ka-te-drejte-te-irritohet-me-kryetaret-e-bashkive"},"_links":{"self":[{"href":"https:\/\/jugulajm.net\/index.php?rest_route=\/wp\/v2\/posts\/92667","targetHints":{"allow":["GET"]}}],"collection":[{"href":"https:\/\/jugulajm.net\/index.php?rest_route=\/wp\/v2\/posts"}],"about":[{"href":"https:\/\/jugulajm.net\/index.php?rest_route=\/wp\/v2\/types\/post"}],"author":[{"embeddable":true,"href":"https:\/\/jugulajm.net\/index.php?rest_route=\/wp\/v2\/users\/5"}],"replies":[{"embeddable":true,"href":"https:\/\/jugulajm.net\/index.php?rest_route=%2Fwp%2Fv2%2Fcomments&post=92667"}],"version-history":[{"count":2,"href":"https:\/\/jugulajm.net\/index.php?rest_route=\/wp\/v2\/posts\/92667\/revisions"}],"predecessor-version":[{"id":92669,"href":"https:\/\/jugulajm.net\/index.php?rest_route=\/wp\/v2\/posts\/92667\/revisions\/92669"}],"wp:featuredmedia":[{"embeddable":true,"href":"https:\/\/jugulajm.net\/index.php?rest_route=\/wp\/v2\/media\/87273"}],"wp:attachment":[{"href":"https:\/\/jugulajm.net\/index.php?rest_route=%2Fwp%2Fv2%2Fmedia&parent=92667"}],"wp:term":[{"taxonomy":"category","embeddable":true,"href":"https:\/\/jugulajm.net\/index.php?rest_route=%2Fwp%2Fv2%2Fcategories&post=92667"},{"taxonomy":"post_tag","embeddable":true,"href":"https:\/\/jugulajm.net\/index.php?rest_route=%2Fwp%2Fv2%2Ftags&post=92667"}],"curies":[{"name":"wp","href":"https:\/\/api.w.org\/{rel}","templated":true}]}}