{"id":92661,"date":"2025-10-24T21:03:59","date_gmt":"2025-10-24T19:03:59","guid":{"rendered":"https:\/\/jugulajm.net\/?p=92661"},"modified":"2025-10-24T21:03:59","modified_gmt":"2025-10-24T19:03:59","slug":"lajm-i-fundit-tragjedia-e-maliqit-nderron-jete-edhe-vogelushja-6-vjecare","status":"publish","type":"post","link":"https:\/\/jugulajm.net\/?p=92661","title":{"rendered":"LAJM I FUNDIT\/ Tragjedia e Maliqit, nd\u00ebrron jet\u00eb edhe vog\u00eblushja 6-vje\u00e7are"},"content":{"rendered":"<p>Vajza 6-vje\u00e7are q\u00eb ndodhej e shtruar prej disa dit\u00ebsh n\u00eb QSUT pas zjarrit tragjik n\u00eb nj\u00eb banes\u00eb n\u00eb Maliq, ka nd\u00ebrruar jet\u00eb k\u00ebt\u00eb t\u00eb premte.<\/p>\n<p>Banesa u p\u00ebrfshi nga tymi disa dit\u00eb m\u00eb par\u00eb, ku mbet\u00ebn t\u00eb vdekur n\u00ebna, Merjeme Hazisllari dhe v\u00ebllai i saj, Luka.<\/p>\n<p>Zjarri kishte r\u00ebn\u00eb n\u00eb nj\u00eb ambient kuzhine. N\u00eb momentet kur kan\u00eb mb\u00ebrritur forcat zjarrfik\u00ebse, n\u00eb ambientet jasht\u00eb u gjet\u00ebn 2 f\u00ebmij\u00ebt q\u00eb ishin n\u00eb gjendje t\u00eb asfiksuar. N\u00ebna humbi jet\u00ebn n\u00eb vendngjarje, nd\u00ebrsa djali 14-vje\u00e7ar u transportua n\u00eb gjendje kome n\u00eb Spitalin e Kor\u00e7\u00ebs, ku m\u00eb pas humbi jet\u00ebn.<\/p>\n<p>6-vje\u00e7arja ndodhej n\u00eb gjendje t\u00eb r\u00ebnd\u00eb prej dit\u00ebsh dhe nuk ka arritur t\u2019i mbijetoj\u00eb dot plag\u00ebve t\u00eb marra.<\/p>\n","protected":false},"excerpt":{"rendered":"<p>Vajza 6-vje\u00e7are q\u00eb ndodhej e shtruar prej disa dit\u00ebsh n\u00eb QSUT pas zjarrit tragjik n\u00eb nj\u00eb banes\u00eb n\u00eb Maliq, ka nd\u00ebrruar jet\u00eb k\u00ebt\u00eb t\u00eb premte. Banesa u p\u00ebrfshi nga tymi disa dit\u00eb m\u00eb par\u00eb, ku mbet\u00ebn t\u00eb vdekur n\u00ebna, Merjeme Hazisllari dhe v\u00ebllai i saj, Luka. Zjarri kishte r\u00ebn\u00eb n\u00eb nj\u00eb ambient kuzhine. N\u00eb momentet [&hellip;]<\/p>\n","protected":false},"author":5,"featured_media":56139,"comment_status":"closed","ping_status":"closed","sticky":false,"template":"","format":"standard","meta":{"footnotes":""},"categories":[1,6332,29228],"tags":[38704,38705],"class_list":{"0":"post-92661","1":"post","2":"type-post","3":"status-publish","4":"format-standard","5":"has-post-thumbnail","7":"category-aktualitet","8":"category-te-fundit","9":"category-vendi","10":"tag-lajm-i-fundit-tragjedia-e-maliqit","11":"tag-nderron-jete-edhe-vogelushja-6-vjecare"},"_links":{"self":[{"href":"https:\/\/jugulajm.net\/index.php?rest_route=\/wp\/v2\/posts\/92661","targetHints":{"allow":["GET"]}}],"collection":[{"href":"https:\/\/jugulajm.net\/index.php?rest_route=\/wp\/v2\/posts"}],"about":[{"href":"https:\/\/jugulajm.net\/index.php?rest_route=\/wp\/v2\/types\/post"}],"author":[{"embeddable":true,"href":"https:\/\/jugulajm.net\/index.php?rest_route=\/wp\/v2\/users\/5"}],"replies":[{"embeddable":true,"href":"https:\/\/jugulajm.net\/index.php?rest_route=%2Fwp%2Fv2%2Fcomments&post=92661"}],"version-history":[{"count":1,"href":"https:\/\/jugulajm.net\/index.php?rest_route=\/wp\/v2\/posts\/92661\/revisions"}],"predecessor-version":[{"id":92662,"href":"https:\/\/jugulajm.net\/index.php?rest_route=\/wp\/v2\/posts\/92661\/revisions\/92662"}],"wp:featuredmedia":[{"embeddable":true,"href":"https:\/\/jugulajm.net\/index.php?rest_route=\/wp\/v2\/media\/56139"}],"wp:attachment":[{"href":"https:\/\/jugulajm.net\/index.php?rest_route=%2Fwp%2Fv2%2Fmedia&parent=92661"}],"wp:term":[{"taxonomy":"category","embeddable":true,"href":"https:\/\/jugulajm.net\/index.php?rest_route=%2Fwp%2Fv2%2Fcategories&post=92661"},{"taxonomy":"post_tag","embeddable":true,"href":"https:\/\/jugulajm.net\/index.php?rest_route=%2Fwp%2Fv2%2Ftags&post=92661"}],"curies":[{"name":"wp","href":"https:\/\/api.w.org\/{rel}","templated":true}]}}