{"id":92647,"date":"2025-10-24T13:49:28","date_gmt":"2025-10-24T11:49:28","guid":{"rendered":"https:\/\/jugulajm.net\/?p=92647"},"modified":"2025-10-24T13:49:28","modified_gmt":"2025-10-24T11:49:28","slug":"17-dite-ne-reanimacion-nano-ende-ne-gjendje-te-rende","status":"publish","type":"post","link":"https:\/\/jugulajm.net\/?p=92647","title":{"rendered":"17 dit\u00eb n\u00eb reanimacion, Nano ende n\u00eb gjendje t\u00eb r\u00ebnd\u00eb"},"content":{"rendered":"<div class=\"chapo\">Prej 17 dit\u00ebsh, ish-kryeministri socialist Fatos Nano ndodhet i shtruar n\u00eb nj\u00eb spital privat n\u00eb Tiran\u00eb n\u00eb gjendje t\u00eb r\u00ebnduar sh\u00ebndet\u00ebsore, pas nj\u00eb arresti kardiorespirator.<\/div>\n<p>Sipas informacioneve t\u00eb raportuara nga mediat,\u00a0k\u00ebt\u00eb t\u00eb premte b\u00ebhet me dije se ish-kryeministri nuk ka asnj\u00eb p\u00ebrmir\u00ebsim dhe as p\u00ebrkeq\u00ebsim t\u00eb gjendjes s\u00eb tij.<\/p>\n<p>Fatos Nano, 73 vje\u00e7 ishte kreu i par\u00eb i Partis\u00eb Socialiste t\u00eb Shqip\u00ebris\u00eb.<\/p>\n<p>Nano ka qen\u00eb kryetar i Partis\u00eb Socialiste nga 12 qershori i vitit 1991 e deri n\u00eb vitin 2005, koh\u00eb kur u shk\u00ebput nga politika.Nj\u00eb p\u00ebrpjekje e tij e m\u00ebvonshme p\u00ebr postin e kreut t\u00eb shtetit, nuk u mb\u00ebshtet nga Partia Socialiste, drejtimin e s\u00eb cil\u00ebs e kishte marr\u00eb Edi Rama. Gjat\u00eb viteve t\u00eb angazhimit n\u00eb politik\u00eb, q\u00eb nga viti 1991, ai sh\u00ebrbeu 4 her\u00eb si kryeminist\u00ebr i vendit.<\/p>\n","protected":false},"excerpt":{"rendered":"<p>Prej 17 dit\u00ebsh, ish-kryeministri socialist Fatos Nano ndodhet i shtruar n\u00eb nj\u00eb spital privat n\u00eb Tiran\u00eb n\u00eb gjendje t\u00eb r\u00ebnduar sh\u00ebndet\u00ebsore, pas nj\u00eb arresti kardiorespirator. Sipas informacioneve t\u00eb raportuara nga mediat,\u00a0k\u00ebt\u00eb t\u00eb premte b\u00ebhet me dije se ish-kryeministri nuk ka asnj\u00eb p\u00ebrmir\u00ebsim dhe as p\u00ebrkeq\u00ebsim t\u00eb gjendjes s\u00eb tij. Fatos Nano, 73 vje\u00e7 ishte kreu [&hellip;]<\/p>\n","protected":false},"author":5,"featured_media":46680,"comment_status":"closed","ping_status":"closed","sticky":false,"template":"","format":"standard","meta":{"footnotes":""},"categories":[6326,6332,29228],"tags":[38696,38697],"class_list":{"0":"post-92647","1":"post","2":"type-post","3":"status-publish","4":"format-standard","5":"has-post-thumbnail","7":"category-politike","8":"category-te-fundit","9":"category-vendi","10":"tag-17-dite-ne-reanimacion","11":"tag-nano-ende-ne-gjendje-te-rende"},"_links":{"self":[{"href":"https:\/\/jugulajm.net\/index.php?rest_route=\/wp\/v2\/posts\/92647","targetHints":{"allow":["GET"]}}],"collection":[{"href":"https:\/\/jugulajm.net\/index.php?rest_route=\/wp\/v2\/posts"}],"about":[{"href":"https:\/\/jugulajm.net\/index.php?rest_route=\/wp\/v2\/types\/post"}],"author":[{"embeddable":true,"href":"https:\/\/jugulajm.net\/index.php?rest_route=\/wp\/v2\/users\/5"}],"replies":[{"embeddable":true,"href":"https:\/\/jugulajm.net\/index.php?rest_route=%2Fwp%2Fv2%2Fcomments&post=92647"}],"version-history":[{"count":1,"href":"https:\/\/jugulajm.net\/index.php?rest_route=\/wp\/v2\/posts\/92647\/revisions"}],"predecessor-version":[{"id":92648,"href":"https:\/\/jugulajm.net\/index.php?rest_route=\/wp\/v2\/posts\/92647\/revisions\/92648"}],"wp:featuredmedia":[{"embeddable":true,"href":"https:\/\/jugulajm.net\/index.php?rest_route=\/wp\/v2\/media\/46680"}],"wp:attachment":[{"href":"https:\/\/jugulajm.net\/index.php?rest_route=%2Fwp%2Fv2%2Fmedia&parent=92647"}],"wp:term":[{"taxonomy":"category","embeddable":true,"href":"https:\/\/jugulajm.net\/index.php?rest_route=%2Fwp%2Fv2%2Fcategories&post=92647"},{"taxonomy":"post_tag","embeddable":true,"href":"https:\/\/jugulajm.net\/index.php?rest_route=%2Fwp%2Fv2%2Ftags&post=92647"}],"curies":[{"name":"wp","href":"https:\/\/api.w.org\/{rel}","templated":true}]}}