{"id":92629,"date":"2025-10-24T07:42:26","date_gmt":"2025-10-24T05:42:26","guid":{"rendered":"https:\/\/jugulajm.net\/?p=92629"},"modified":"2025-10-24T10:34:57","modified_gmt":"2025-10-24T08:34:57","slug":"video-mbremje-artistike-kushtuar-kompozitorit-te-madh-gjirokastrit-feim-ibrahimi","status":"publish","type":"post","link":"https:\/\/jugulajm.net\/?p=92629","title":{"rendered":"VIDEO\/Mbr\u00ebmje artistike kushtuar kompozitorit t\u00eb madh gjirokastrit, Feim Ibrahimi"},"content":{"rendered":"<p>\u201cUdh\u00ebtim n\u00eb f\u00ebmij\u00ebri\u201d &#8211; ishte mbr\u00ebmja artistike kushtuar emrit dhe krijimtaris\u00eb s\u00eb kompozitorit t\u00eb njohur gjirokastrit, Feim Ibrahimi, n\u00eb kuad\u00ebr t\u00eb 90 vjetorit t\u00eb lindjes s\u00eb tij.<\/p>\n<p>Art\u00ebdashesit gjirokastrit\u00eb p\u00ebr rreth 120 minuta ndoq\u00ebn dhe shijuan programin artistik n\u00ebn interpretimin e nx\u00ebn\u00ebsve dhe pedagog\u00ebve t\u00eb Shkoll\u00ebs Artistike n\u00eb qytetin e gurt\u00eb, q\u00eb mban pik\u00ebrisht emrin e tij, si dhe t\u00eb artist\u00ebve t\u00eb mb\u00ebrritur nga Tirana si Artur Vera, Laura Llozi, Rejsi Prosi dhe Etrita Ibrahimi, e bija e kompozitorit t\u00eb njohur.<\/p>\n<p>Feim Ibrahimi lindi m\u00eb 20 tetor t\u00eb vitit 1935 n\u00eb Gjirokaster. Ai ka qen\u00eb nj\u00eb nd\u00ebr kompozitor\u00ebt e par\u00eb q\u00eb studioi n\u00eb m\u00ebnyr\u00eb eksluzive brenda vendit, ku n\u00eb vitin 1962 u rregjistrua ne Konservatorin e sapokrijuar t\u00eb Tiranes n\u00ebn drejtim e Tish Dais\u00eb.<\/p>\n<p>P\u00ebr meritat dhe kontributin e tij, artisti Feim Ibrahimi \u00ebsht\u00eb vler\u00ebsuar n\u00eb vitin 1989 me titullin m\u00eb t\u00eb lart\u00eb artistik \u201cArtist i Popullit\u201d. Muzika e tij shtrihet n\u00eb t\u00eb gjitha zhanret, p\u00ebrfshi edhe at\u00eb n\u00eb filmat e Kinematografis\u00eb shqiptare. Feim Ibrahimi u nda nga jeta m\u00eb 2 gusht 1997 n\u00eb Itali duke l\u00ebn\u00eb pas nj\u00eb thesar t\u00eb \u00e7muar n\u00eb jet\u00ebn dhe artin shqiptar.<\/p>\n","protected":false},"excerpt":{"rendered":"<p>\u201cUdh\u00ebtim n\u00eb f\u00ebmij\u00ebri\u201d &#8211; ishte mbr\u00ebmja artistike kushtuar emrit dhe krijimtaris\u00eb s\u00eb kompozitorit t\u00eb njohur gjirokastrit, Feim Ibrahimi, n\u00eb kuad\u00ebr t\u00eb 90 vjetorit t\u00eb lindjes s\u00eb tij. Art\u00ebdashesit gjirokastrit\u00eb p\u00ebr rreth 120 minuta ndoq\u00ebn dhe shijuan programin artistik n\u00ebn interpretimin e nx\u00ebn\u00ebsve dhe pedagog\u00ebve t\u00eb Shkoll\u00ebs Artistike n\u00eb qytetin e gurt\u00eb, q\u00eb mban pik\u00ebrisht emrin [&hellip;]<\/p>\n","protected":false},"author":5,"featured_media":92631,"comment_status":"closed","ping_status":"closed","sticky":false,"template":"","format":"video","meta":{"footnotes":""},"categories":[7665,6332,29228,26832],"tags":[20323,38688],"class_list":{"0":"post-92629","1":"post","2":"type-post","3":"status-publish","4":"format-video","5":"has-post-thumbnail","7":"category-art","8":"category-te-fundit","9":"category-vendi","10":"category-video","11":"tag-gjirokaster","12":"tag-feim-ibrahimi","13":"post_format-post-format-video"},"_links":{"self":[{"href":"https:\/\/jugulajm.net\/index.php?rest_route=\/wp\/v2\/posts\/92629","targetHints":{"allow":["GET"]}}],"collection":[{"href":"https:\/\/jugulajm.net\/index.php?rest_route=\/wp\/v2\/posts"}],"about":[{"href":"https:\/\/jugulajm.net\/index.php?rest_route=\/wp\/v2\/types\/post"}],"author":[{"embeddable":true,"href":"https:\/\/jugulajm.net\/index.php?rest_route=\/wp\/v2\/users\/5"}],"replies":[{"embeddable":true,"href":"https:\/\/jugulajm.net\/index.php?rest_route=%2Fwp%2Fv2%2Fcomments&post=92629"}],"version-history":[{"count":2,"href":"https:\/\/jugulajm.net\/index.php?rest_route=\/wp\/v2\/posts\/92629\/revisions"}],"predecessor-version":[{"id":92641,"href":"https:\/\/jugulajm.net\/index.php?rest_route=\/wp\/v2\/posts\/92629\/revisions\/92641"}],"wp:featuredmedia":[{"embeddable":true,"href":"https:\/\/jugulajm.net\/index.php?rest_route=\/wp\/v2\/media\/92631"}],"wp:attachment":[{"href":"https:\/\/jugulajm.net\/index.php?rest_route=%2Fwp%2Fv2%2Fmedia&parent=92629"}],"wp:term":[{"taxonomy":"category","embeddable":true,"href":"https:\/\/jugulajm.net\/index.php?rest_route=%2Fwp%2Fv2%2Fcategories&post=92629"},{"taxonomy":"post_tag","embeddable":true,"href":"https:\/\/jugulajm.net\/index.php?rest_route=%2Fwp%2Fv2%2Ftags&post=92629"}],"curies":[{"name":"wp","href":"https:\/\/api.w.org\/{rel}","templated":true}]}}