{"id":92610,"date":"2025-10-23T17:32:54","date_gmt":"2025-10-23T15:32:54","guid":{"rendered":"https:\/\/jugulajm.net\/?p=92610"},"modified":"2025-10-23T18:26:03","modified_gmt":"2025-10-23T16:26:03","slug":"emri-foto-kryetarja-e-pd-se-sarande-behet-nenkryetare-e-bashkise-qe-drejtohet-nga-socialistet","status":"publish","type":"post","link":"https:\/\/jugulajm.net\/?p=92610","title":{"rendered":"EMRI-FOTO\/ Ish-Kryetarja e PD-s\u00eb Sarand\u00eb kalon &#8221;gardhin&#8221;, b\u00ebhet n\u00ebnkryetare e bashkis\u00eb q\u00eb drejtohet nga socialist\u00ebt"},"content":{"rendered":"<p>Kryetarja e Partis\u00eb Demokratike n\u00eb Sarand\u00eb, Manjola Nikollo, e cila ishte edhe kandidate p\u00ebr deputete, ka pranuar propozimin e b\u00ebr\u00eb nga kryetari i Bashkis\u00eb Sarand\u00eb, Oltion \u00c7a\u00e7i, p\u00ebr t\u2019u em\u00ebruar n\u00ebnkryetare e Bashkis\u00eb q\u00eb drejtohet nga socialist\u00ebt.<\/p>\n<p>Manjola Nikollo dha dor\u00ebheqjen si kryetare e PD-s\u00eb n\u00eb Sarand\u00eb p\u00ebr t\u00eb marr\u00eb pjes\u00eb n\u00eb primare, m\u00eb pas ajo hoqi dor\u00eb edhe nga pjes\u00ebmarrje n\u00eb list\u00ebn e hapur t\u00eb PD-s\u00eb n\u00eb qarkun e Vlor\u00ebs m\u00eb 11 maj.<\/p>\n<p>Kujtojm\u00eb se k\u00ebt\u00eb jav\u00eb \u00ebsht\u00eb b\u00ebr\u00eb e ditur se dhe ish-deputetja e PD-s\u00eb Zhani Gjergji mori detyr\u00ebn e drejtoresh\u00ebs s\u00eb spitalit t\u00eb Elbasanit.<\/p>\n","protected":false},"excerpt":{"rendered":"<p>Kryetarja e Partis\u00eb Demokratike n\u00eb Sarand\u00eb, Manjola Nikollo, e cila ishte edhe kandidate p\u00ebr deputete, ka pranuar propozimin e b\u00ebr\u00eb nga kryetari i Bashkis\u00eb Sarand\u00eb, Oltion \u00c7a\u00e7i, p\u00ebr t\u2019u em\u00ebruar n\u00ebnkryetare e Bashkis\u00eb q\u00eb drejtohet nga socialist\u00ebt. Manjola Nikollo dha dor\u00ebheqjen si kryetare e PD-s\u00eb n\u00eb Sarand\u00eb p\u00ebr t\u00eb marr\u00eb pjes\u00eb n\u00eb primare, m\u00eb pas [&hellip;]<\/p>\n","protected":false},"author":5,"featured_media":92611,"comment_status":"closed","ping_status":"closed","sticky":false,"template":"","format":"standard","meta":{"footnotes":""},"categories":[6326,6332,29228],"tags":[38684],"class_list":{"0":"post-92610","1":"post","2":"type-post","3":"status-publish","4":"format-standard","5":"has-post-thumbnail","7":"category-politike","8":"category-te-fundit","9":"category-vendi","10":"tag-kryetarja-e-pd-se-sarande-behet-nenkryetare-e-bashkise-qe-drejtohet-nga-socialistet"},"_links":{"self":[{"href":"https:\/\/jugulajm.net\/index.php?rest_route=\/wp\/v2\/posts\/92610","targetHints":{"allow":["GET"]}}],"collection":[{"href":"https:\/\/jugulajm.net\/index.php?rest_route=\/wp\/v2\/posts"}],"about":[{"href":"https:\/\/jugulajm.net\/index.php?rest_route=\/wp\/v2\/types\/post"}],"author":[{"embeddable":true,"href":"https:\/\/jugulajm.net\/index.php?rest_route=\/wp\/v2\/users\/5"}],"replies":[{"embeddable":true,"href":"https:\/\/jugulajm.net\/index.php?rest_route=%2Fwp%2Fv2%2Fcomments&post=92610"}],"version-history":[{"count":4,"href":"https:\/\/jugulajm.net\/index.php?rest_route=\/wp\/v2\/posts\/92610\/revisions"}],"predecessor-version":[{"id":92615,"href":"https:\/\/jugulajm.net\/index.php?rest_route=\/wp\/v2\/posts\/92610\/revisions\/92615"}],"wp:featuredmedia":[{"embeddable":true,"href":"https:\/\/jugulajm.net\/index.php?rest_route=\/wp\/v2\/media\/92611"}],"wp:attachment":[{"href":"https:\/\/jugulajm.net\/index.php?rest_route=%2Fwp%2Fv2%2Fmedia&parent=92610"}],"wp:term":[{"taxonomy":"category","embeddable":true,"href":"https:\/\/jugulajm.net\/index.php?rest_route=%2Fwp%2Fv2%2Fcategories&post=92610"},{"taxonomy":"post_tag","embeddable":true,"href":"https:\/\/jugulajm.net\/index.php?rest_route=%2Fwp%2Fv2%2Ftags&post=92610"}],"curies":[{"name":"wp","href":"https:\/\/api.w.org\/{rel}","templated":true}]}}