{"id":92604,"date":"2025-10-23T13:42:33","date_gmt":"2025-10-23T11:42:33","guid":{"rendered":"https:\/\/jugulajm.net\/?p=92604"},"modified":"2025-10-23T13:44:35","modified_gmt":"2025-10-23T11:44:35","slug":"paketa-e-maleve-rama-u-ben-rreshtore-kryebashkiakeve-i-merr-me-radhe-duke","status":"publish","type":"post","link":"https:\/\/jugulajm.net\/?p=92604","title":{"rendered":"&#8220;Paketa e Maleve&#8221;, Rama u b\u00ebn &#8220;rreshtore&#8221; kryebashkiak\u00ebve, i merr me radh\u00eb duke&#8230;"},"content":{"rendered":"<p>Kryeministri Edi Rama, \u00ebsht\u00eb treguar kritik ndaj kryebashkiak\u00ebve t\u00eb Shqip\u00ebris\u00eb p\u00ebr Paket\u00ebn e Maleve. Gjat\u00eb nj\u00eb aktiviteti kryeministri u k\u00ebrkoi atyre q\u00eb t\u00eb dor\u00ebzojn\u00eb sa m\u00eb shpejt hartat e zonave prioritare.<\/p>\n<p><strong>Rama iu drejtua kryebashkiakut t\u00eb Kuk\u00ebsit, Albert Halilaj:<\/strong>\u00a0M\u00eb d\u00ebgjon ti kryetari i Bashkis\u00eb s\u00eb Kuk\u00ebsit? Ti m\u00eb d\u00ebgjon por nuk di a m\u00eb kupton sepse nj\u00eb nga shtysat kryesore p\u00ebr Paket\u00ebn ishin kuksjan\u00ebt sepse interesi p\u00ebr t\u00eb investuar \u00ebsht\u00eb i lart\u00eb prej aty q\u00eb jetojn\u00eb jasht\u00eb.<br \/>\nKa 5 muaj q\u00eb i ke n\u00eb dispozicion t\u00eb gjith\u00eb instrumentet dhe ende nuk ke sjell\u00eb hart\u00ebn q\u00eb \u00ebsht\u00eb fare e thjesht\u00eb nuk ka shkenc\u00eb. Hiq qytetin dhe i gjith\u00eb territori p\u00ebrve\u00e7 zonave t\u00eb mbrojtura \u00ebsht\u00eb brenda k\u00ebsaj pakete.<\/p>\n<p><strong>Nd\u00ebrsa krybashkiakun e Ku\u00e7ov\u00ebs, Kreshnik Hajdarit e akuzoi se nuk e ka kuptuar ligjin p\u00ebr Paket\u00ebn e Maleve.<\/strong><\/p>\n<p>Rama: \u00c7a t\u00eb ka penguar ty Kreshnik q\u00eb t\u00eb b\u00ebsh hart\u00ebn dhe t\u2019i sjell\u00ebsh.<br \/>\nHajdari: E kam d\u00ebrguar<br \/>\nRama: Ku e ke dor\u00ebzuar?<br \/>\nHajdari: I kemi shpallur zonat prioritare zoti kryeminist\u00ebr.<br \/>\nRama: Ku i ke \u00e7uar? I \u00e7on te ministri i qeverisjes vendore.<\/p>\n<p>Hajdari: Jemi duke pritur p\u00ebrgjigje nga ASHK-ja.<br \/>\nRama: N\u00ebse pret p\u00ebrgjigje nga ASHK-ja, s\u2019ke kuptuar ligjin.<\/p>\n<p><strong>Kritika edhe p\u00ebr kryebashkiakun e Maliqit, G\u00ebzim Top\u00e7iun<\/strong><\/p>\n<p>Rama: O G\u00ebzim po ti si m\u00eb zhg\u00ebnjeve sot. Ti je legjenda e pushtetit vendor sa mandate ke 7 apo 8.<\/p>\n<p>Top\u00e7iu: N\u00eb fakt dhe ne kemi punuar q\u00eb aplikimet jan\u00eb b\u00ebr\u00eb. Jemi duke p\u00ebrpiluar hart\u00ebn. Nuk \u00ebsht\u00eb p\u00ebr t\u2019u justifikuar por do ta b\u00ebjm\u00eb.<\/p>\n<p><strong>Kryeministri Rama ka kritikuar gjithashtu dhe bashkin\u00eb e Pogradecit<\/strong><\/p>\n<p>\u201cNuk po flas p\u00ebr Pogradecin se \u00ebsht\u00eb i z\u00ebn\u00eb me territoret e antikitetit t\u00eb thell\u00eb. Tani n\u00eb fund na doli q\u00eb t\u00eb gjith\u00eb fermer\u00ebt e Evrop\u00ebs origjin\u00ebn e pun\u00ebs e kan\u00eb pasur n\u00eb Pogradec. Ke pasur Adamin e fermer\u00ebve n\u00eb Pogradec, tani duhet t\u00eb kesh investime n\u00eb k\u00ebt\u00eb drejtim\u201d, tha Rama.<\/p>\n<p><strong>Edi Rama iu drejtua dhe kryebashkiakut t\u00eb Shkodr\u00ebs, Benet Becit:<\/strong><\/p>\n<p>\u201cKjo vlen deri tek Benet Beci, q\u00eb ka qen\u00eb promotori i k\u00ebsaj paketa dhe un\u00eb Shkodr\u00ebn nuk e shoh k\u00ebtu. E kemi nisur k\u00ebt\u00eb pun\u00eb bashk\u00eb kur ti nuk kishe mjek\u00ebr. Un\u00eb kisha dhe ti nuk kishe, tani mjekra t\u00eb \u00ebsht\u00eb b\u00ebr\u00eb si mua dhe harta nuk ka ardhur akoma.<\/p>\n<p>Edhe Memaliaj edhe Fush\u00eb Arr\u00ebzi q\u00eb jan\u00eb k\u00ebtu, hudhrat q\u00eb na mbrojn\u00eb nga syri i keq me l\u00ebkur\u00ebn e tyre blu nuk kan\u00eb sjell\u00eb gj\u00eb, k\u00ebshtu q\u00eb ju kan\u00eb shp\u00ebtuar nga v\u00ebnia n\u00eb pozit\u00eb t\u00eb v\u00ebshtir\u00eb. Kjo tregon q\u00eb si majtas dhe djathtas, kur shqiptar\u00ebt flen\u00eb gjum\u00eb flen\u00eb gjum\u00eb. Brenda muajit tetor duhet t\u00eb vijn\u00eb hartat\u201d, tha Rama.<\/p>\n","protected":false},"excerpt":{"rendered":"<p>Kryeministri Edi Rama, \u00ebsht\u00eb treguar kritik ndaj kryebashkiak\u00ebve t\u00eb Shqip\u00ebris\u00eb p\u00ebr Paket\u00ebn e Maleve. Gjat\u00eb nj\u00eb aktiviteti kryeministri u k\u00ebrkoi atyre q\u00eb t\u00eb dor\u00ebzojn\u00eb sa m\u00eb shpejt hartat e zonave prioritare. Rama iu drejtua kryebashkiakut t\u00eb Kuk\u00ebsit, Albert Halilaj:\u00a0M\u00eb d\u00ebgjon ti kryetari i Bashkis\u00eb s\u00eb Kuk\u00ebsit? Ti m\u00eb d\u00ebgjon por nuk di a m\u00eb kupton [&hellip;]<\/p>\n","protected":false},"author":5,"featured_media":92605,"comment_status":"closed","ping_status":"closed","sticky":false,"template":"","format":"standard","meta":{"footnotes":""},"categories":[6326,6332,29228],"tags":[38681,38683,38682],"class_list":{"0":"post-92604","1":"post","2":"type-post","3":"status-publish","4":"format-standard","5":"has-post-thumbnail","7":"category-politike","8":"category-te-fundit","9":"category-vendi","10":"tag-paketa-e-maleve","11":"tag-i-merr-me-radhe-duke","12":"tag-rama-u-ben-rreshtore-kryebashkiakeve"},"_links":{"self":[{"href":"https:\/\/jugulajm.net\/index.php?rest_route=\/wp\/v2\/posts\/92604","targetHints":{"allow":["GET"]}}],"collection":[{"href":"https:\/\/jugulajm.net\/index.php?rest_route=\/wp\/v2\/posts"}],"about":[{"href":"https:\/\/jugulajm.net\/index.php?rest_route=\/wp\/v2\/types\/post"}],"author":[{"embeddable":true,"href":"https:\/\/jugulajm.net\/index.php?rest_route=\/wp\/v2\/users\/5"}],"replies":[{"embeddable":true,"href":"https:\/\/jugulajm.net\/index.php?rest_route=%2Fwp%2Fv2%2Fcomments&post=92604"}],"version-history":[{"count":3,"href":"https:\/\/jugulajm.net\/index.php?rest_route=\/wp\/v2\/posts\/92604\/revisions"}],"predecessor-version":[{"id":92608,"href":"https:\/\/jugulajm.net\/index.php?rest_route=\/wp\/v2\/posts\/92604\/revisions\/92608"}],"wp:featuredmedia":[{"embeddable":true,"href":"https:\/\/jugulajm.net\/index.php?rest_route=\/wp\/v2\/media\/92605"}],"wp:attachment":[{"href":"https:\/\/jugulajm.net\/index.php?rest_route=%2Fwp%2Fv2%2Fmedia&parent=92604"}],"wp:term":[{"taxonomy":"category","embeddable":true,"href":"https:\/\/jugulajm.net\/index.php?rest_route=%2Fwp%2Fv2%2Fcategories&post=92604"},{"taxonomy":"post_tag","embeddable":true,"href":"https:\/\/jugulajm.net\/index.php?rest_route=%2Fwp%2Fv2%2Ftags&post=92604"}],"curies":[{"name":"wp","href":"https:\/\/api.w.org\/{rel}","templated":true}]}}