{"id":92595,"date":"2025-10-23T10:10:56","date_gmt":"2025-10-23T08:10:56","guid":{"rendered":"https:\/\/jugulajm.net\/?p=92595"},"modified":"2025-10-23T10:10:56","modified_gmt":"2025-10-23T08:10:56","slug":"video-vrasja-e-shqiptares-ne-kanada-flet-nena-e-saj-vajza-me-tha-se-nese-qendroj-me-te-ai-do","status":"publish","type":"post","link":"https:\/\/jugulajm.net\/?p=92595","title":{"rendered":"VIDEO\/ Vrasja e shqiptares n\u00eb Kanada, flet n\u00ebna e saj: Vajza m\u00eb tha se n\u00ebse q\u00ebndroj me t\u00eb, ai do&#8230;"},"content":{"rendered":"<p>Nj\u00eb ngjarje tragjike ka tronditur komunitetin n\u00eb Brampton t\u00eb Kanadas\u00eb, ku shqiptarja 29-vje\u00e7are Savannah Kulla u ekzekutua me arm\u00eb zjarri n\u00eb nj\u00eb parking t\u00eb nj\u00eb qendre tregtare.<\/p>\n<p>Sipas mediave lokale, ngjarja ndodhi t\u00eb mart\u00ebn rreth or\u00ebs 14:00 n\u00eb parkingun pran\u00eb kryq\u00ebzimit t\u00eb Airport Road dhe Queen Street East. Policia Rajonale e Peel konfirmoi se viktima u gjet e vdekur n\u00eb vendngjarje.<\/p>\n<p>N\u00ebna e Savannah-s, Karen Kulla, rr\u00ebfeu p\u00ebr momentet e fundit t\u00eb vajz\u00ebs s\u00eb saj me emocion t\u00eb thell\u00eb. Ajo tregoi se Savannah kishte shkuar p\u00ebr t\u00eb takuar ish-partnerin e saj, 38-vje\u00e7arin Anthony Deschepper, i cili kishte k\u00ebrkuar t\u00eb kalonte disa or\u00eb me vajz\u00ebn e tyre 17-muajshe.<\/p>\n<p>\u201cThjesht nuk mund ta besoj q\u00eb ajo nuk \u00ebsht\u00eb m\u00eb. Ishte kaq e bukur, shum\u00eb e ndjeshme dhe e zgjuar. E donim shum\u00eb,\u201d tha n\u00ebna mes lot\u00ebsh.<\/p>\n<p>Karen shtoi se Savannah ishte n\u00ebn\u00eb e kat\u00ebr f\u00ebmij\u00ebve dhe kishte ndar\u00eb rrug\u00ebt me Deschepper disa muaj m\u00eb par\u00eb.<\/p>\n<p>\u201cM\u00eb tha rreth nj\u00eb muaj m\u00eb par\u00eb: \u2018N\u00ebse q\u00ebndroj me t\u00eb, ai do t\u00eb m\u00eb vras\u00eb\u2019,\u201d tregoi n\u00ebna.<\/p>\n<p>Sipas d\u00ebshmis\u00eb s\u00eb saj, ngjarja nisi pas nj\u00eb debatit p\u00ebr nj\u00eb \u00e7ant\u00eb me pelena.<\/p>\n<p>\u201cD\u00ebgjova q\u00eb ai i tha: \u2018M\u00eb duhet \u00e7anta e pelena\u2019, dhe ajo iu p\u00ebrgjigj: \u2018Do ta marr un\u00eb\u2019. Ai iu kthye: \u2018E harrove \u00e7ant\u00ebn e mallkuar t\u00eb pelena\u2019 dhe m\u00eb pas d\u00ebgjova tre t\u00eb sht\u00ebna,\u201d vijoi Karen.<\/p>\n<p><iframe loading=\"lazy\" title=\"Mother of Ontario woman shot dead by man involved in Amber Alert speaks out\" src=\"https:\/\/www.youtube.com\/embed\/63sSHn96R-w\" width=\"100%\" height=\"619\" frameborder=\"0\" allowfullscreen=\"allowfullscreen\" data-mce-fragment=\"1\"><\/iframe><\/p>\n<p>Pas ngjarjes, autoritetet u p\u00ebrball\u00ebn me autorin, i cili u q\u00ebllua p\u00ebr vdekje nga policia gjat\u00eb nj\u00eb p\u00ebrpjekjeje p\u00ebr arrestim. M\u00ebsohet se Deschepper kishte precedent\u00eb penal\u00eb dhe ishte n\u00eb k\u00ebrkim p\u00ebr sulme me arm\u00eb zjarri n\u00eb vitin 2023.<\/p>\n<p>N\u00ebna tha se Savannah kishte frik\u00eb nga ish-partneri, por besonte se ai nuk mbante m\u00eb arm\u00eb.<\/p>\n<p>\u201cI thash\u00eb: \u2018M\u00eb premto se nuk ke arm\u00eb\u2019. Ajo m\u00eb tha: \u2018Jo mami, nuk ka arm\u00eb\u2019. E di q\u00eb ishte gabim,\u201d tha Karen.<\/p>\n<figure id=\"attachment_682442\" class=\"wp-caption alignnone\" aria-describedby=\"caption-attachment-682442\"><img loading=\"lazy\" loading=\"lazy\" decoding=\"async\" class=\"wp-image-682442 size-full lazy entered loaded td-animation-stack-type0-2\" src=\"https:\/\/euronews.al\/wp-content\/uploads\/2025\/10\/Anthony-Deschepper.webp\" sizes=\"auto, (max-width: 384px) 100vw, 384px\" srcset=\"https:\/\/euronews.al\/wp-content\/uploads\/2025\/10\/Anthony-Deschepper.webp 384w, https:\/\/euronews.al\/wp-content\/uploads\/2025\/10\/Anthony-Deschepper-247x300.webp 247w, https:\/\/euronews.al\/wp-content\/uploads\/2025\/10\/Anthony-Deschepper-150x182.webp 150w, https:\/\/euronews.al\/wp-content\/uploads\/2025\/10\/Anthony-Deschepper-300x365.webp 300w\" alt=\"\" width=\"384\" height=\"467\" data-src=\"https:\/\/euronews.al\/wp-content\/uploads\/2025\/10\/Anthony-Deschepper.webp\" data-srcset=\"https:\/\/euronews.al\/wp-content\/uploads\/2025\/10\/Anthony-Deschepper.webp 384w, https:\/\/euronews.al\/wp-content\/uploads\/2025\/10\/Anthony-Deschepper-247x300.webp 247w, https:\/\/euronews.al\/wp-content\/uploads\/2025\/10\/Anthony-Deschepper-150x182.webp 150w, https:\/\/euronews.al\/wp-content\/uploads\/2025\/10\/Anthony-Deschepper-300x365.webp 300w\" data-sizes=\"(max-width: 384px) 100vw, 384px\" data-ll-status=\"loaded\" \/><figcaption id=\"caption-attachment-682442\" class=\"wp-caption-text\">Anthony-Deschepper<\/figcaption><\/figure>\n<p>Gjithashtu, n\u00ebna tregoi se ish-partneri e kishte ngacmuar vazhdimisht n\u00eb telefon, aq sa Savannah kishte ndryshuar numrin disa her\u00eb, por ai vazhdonte ta shqet\u00ebsonte.<\/p>\n<p>\u201cE th\u00ebrriste qindra her\u00eb n\u00eb dit\u00eb. Ndonj\u00ebher\u00eb ajo i p\u00ebrgjigjej vet\u00ebm p\u00ebr t\u2019i th\u00ebn\u00eb \u2018m\u00eb l\u00ebr rehat\u2019,\u201d p\u00ebrfundoi ajo.<\/p>\n<p>Policia kanadeze po vijon hetimet p\u00ebr k\u00ebt\u00eb ngjarje t\u00eb r\u00ebnd\u00eb, nd\u00ebrsa komuniteti shqiptar n\u00eb Kanada ka shprehur ngush\u00ebllimet e tyre p\u00ebr humbjen tragjike t\u00eb Savannah Kulla.<\/p>\n<figure id=\"attachment_682443\" class=\"wp-caption alignnone\" aria-describedby=\"caption-attachment-682443\"><img loading=\"lazy\" loading=\"lazy\" decoding=\"async\" class=\"wp-image-682443 size-full lazy entered td-animation-stack-type0-2 loaded\" src=\"https:\/\/euronews.al\/wp-content\/uploads\/2025\/10\/95875035_1761160110891080_r.webp\" sizes=\"auto, (max-width: 720px) 100vw, 720px\" srcset=\"https:\/\/euronews.al\/wp-content\/uploads\/2025\/10\/95875035_1761160110891080_r.webp 720w, https:\/\/euronews.al\/wp-content\/uploads\/2025\/10\/95875035_1761160110891080_r-300x169.webp 300w, https:\/\/euronews.al\/wp-content\/uploads\/2025\/10\/95875035_1761160110891080_r-150x84.webp 150w, https:\/\/euronews.al\/wp-content\/uploads\/2025\/10\/95875035_1761160110891080_r-696x392.webp 696w\" alt=\"\" width=\"720\" height=\"405\" data-src=\"https:\/\/euronews.al\/wp-content\/uploads\/2025\/10\/95875035_1761160110891080_r.webp\" data-srcset=\"https:\/\/euronews.al\/wp-content\/uploads\/2025\/10\/95875035_1761160110891080_r.webp 720w, https:\/\/euronews.al\/wp-content\/uploads\/2025\/10\/95875035_1761160110891080_r-300x169.webp 300w, https:\/\/euronews.al\/wp-content\/uploads\/2025\/10\/95875035_1761160110891080_r-150x84.webp 150w, https:\/\/euronews.al\/wp-content\/uploads\/2025\/10\/95875035_1761160110891080_r-696x392.webp 696w\" data-sizes=\"(max-width: 720px) 100vw, 720px\" data-ll-status=\"loaded\" \/><figcaption id=\"caption-attachment-682443\" class=\"wp-caption-text\">Savannah Kulla me f\u00ebmij\u00ebt e saj<\/figcaption><\/figure>\n","protected":false},"excerpt":{"rendered":"<p>Nj\u00eb ngjarje tragjike ka tronditur komunitetin n\u00eb Brampton t\u00eb Kanadas\u00eb, ku shqiptarja 29-vje\u00e7are Savannah Kulla u ekzekutua me arm\u00eb zjarri n\u00eb nj\u00eb parking t\u00eb nj\u00eb qendre tregtare. Sipas mediave lokale, ngjarja ndodhi t\u00eb mart\u00ebn rreth or\u00ebs 14:00 n\u00eb parkingun pran\u00eb kryq\u00ebzimit t\u00eb Airport Road dhe Queen Street East. Policia Rajonale e Peel konfirmoi se viktima [&hellip;]<\/p>\n","protected":false},"author":5,"featured_media":92596,"comment_status":"closed","ping_status":"closed","sticky":false,"template":"","format":"standard","meta":{"footnotes":""},"categories":[1,7664,6332],"tags":[38676,38675,38674],"class_list":{"0":"post-92595","1":"post","2":"type-post","3":"status-publish","4":"format-standard","5":"has-post-thumbnail","7":"category-aktualitet","8":"category-bota","9":"category-te-fundit","10":"tag-ai-do","11":"tag-flet-nena-e-saj-vajza-me-tha-se-nese-qendroj-me-te","12":"tag-vrasja-e-shqiptares-ne-kanada"},"_links":{"self":[{"href":"https:\/\/jugulajm.net\/index.php?rest_route=\/wp\/v2\/posts\/92595","targetHints":{"allow":["GET"]}}],"collection":[{"href":"https:\/\/jugulajm.net\/index.php?rest_route=\/wp\/v2\/posts"}],"about":[{"href":"https:\/\/jugulajm.net\/index.php?rest_route=\/wp\/v2\/types\/post"}],"author":[{"embeddable":true,"href":"https:\/\/jugulajm.net\/index.php?rest_route=\/wp\/v2\/users\/5"}],"replies":[{"embeddable":true,"href":"https:\/\/jugulajm.net\/index.php?rest_route=%2Fwp%2Fv2%2Fcomments&post=92595"}],"version-history":[{"count":1,"href":"https:\/\/jugulajm.net\/index.php?rest_route=\/wp\/v2\/posts\/92595\/revisions"}],"predecessor-version":[{"id":92597,"href":"https:\/\/jugulajm.net\/index.php?rest_route=\/wp\/v2\/posts\/92595\/revisions\/92597"}],"wp:featuredmedia":[{"embeddable":true,"href":"https:\/\/jugulajm.net\/index.php?rest_route=\/wp\/v2\/media\/92596"}],"wp:attachment":[{"href":"https:\/\/jugulajm.net\/index.php?rest_route=%2Fwp%2Fv2%2Fmedia&parent=92595"}],"wp:term":[{"taxonomy":"category","embeddable":true,"href":"https:\/\/jugulajm.net\/index.php?rest_route=%2Fwp%2Fv2%2Fcategories&post=92595"},{"taxonomy":"post_tag","embeddable":true,"href":"https:\/\/jugulajm.net\/index.php?rest_route=%2Fwp%2Fv2%2Ftags&post=92595"}],"curies":[{"name":"wp","href":"https:\/\/api.w.org\/{rel}","templated":true}]}}