{"id":92591,"date":"2025-10-23T09:06:48","date_gmt":"2025-10-23T07:06:48","guid":{"rendered":"https:\/\/jugulajm.net\/?p=92591"},"modified":"2025-10-23T09:06:48","modified_gmt":"2025-10-23T07:06:48","slug":"parashikimi-i-motit-per-sot-ja-temperaturat","status":"publish","type":"post","link":"https:\/\/jugulajm.net\/?p=92591","title":{"rendered":"Parashikimi i motit p\u00ebr sot, ja temperaturat&#8230;"},"content":{"rendered":"<p>P\u00ebr dit\u00ebn e enjte vendi do t\u00eb ndikohet nga kushte atmosferike relativisht t\u00eb paq\u00ebndrueshme, njofton Sh\u00ebrbimi Meteorologjik Ushtarak.<\/p>\n<p>Moti parashikohet me kthjellime dhe alternime vran\u00ebsirash mesatare gjat\u00eb mesdit\u00ebs dhe pasdites. Vran\u00ebsirat do t\u00eb shoq\u00ebrohen me reshje shiu t\u00eb her\u00ebpashershme me intensitet t\u00eb ul\u00ebt n\u00eb zon\u00ebn e veriper\u00ebndimit dhe jugut n\u00eb or\u00ebt e m\u00ebngjesit.<\/p>\n<p>Gjat\u00eb dit\u00ebs reshjet do t\u00eb jen\u00eb t\u00eb karakterit lokal n\u00eb pjes\u00ebn tjet\u00ebr t\u00eb territorit, nd\u00ebrsa n\u00eb jug me intensitet t\u00eb ul\u00ebt. N\u00eb mbr\u00ebmje, reshjet do t\u00eb riaktivizohen n\u00eb ekstremet veri\u2013jug, her\u00eb pas here me intensitet mesatar n\u00eb form\u00ebn e shtr\u00ebngatave afatshkurtra.<\/p>\n<p>Era do t\u00eb fryj\u00eb nga kuadrati i jugut me shpejt\u00ebsi mesatare deri n\u00eb 6 m\/s, nd\u00ebrsa p\u00ebrgjat\u00eb vij\u00ebs bregdetare dhe zonave luginore pritet t\u00eb arrij\u00eb deri n\u00eb 12 m\/s, shoq\u00ebruar me dallg\u00ebzim n\u00eb det t\u00eb forc\u00ebs 1\u20132 ball\u00eb.<\/p>\n<p><u>Temperaturat parashikohen:<\/u><\/p>\n<table width=\"511\">\n<tbody>\n<tr>\n<td width=\"145\">QYTETET<\/td>\n<td width=\"162\"><\/td>\n<td width=\"204\"><\/td>\n<\/tr>\n<tr>\n<td width=\"145\">Shkod\u00ebr<\/td>\n<td width=\"162\">13\/17<\/td>\n<td width=\"204\">Diell re shi<\/td>\n<\/tr>\n<tr>\n<td width=\"145\">Kuk\u00ebs<\/td>\n<td width=\"162\">7\/16<\/td>\n<td width=\"204\">Diell re shi<\/td>\n<\/tr>\n<tr>\n<td width=\"145\">Lezh\u00eb<\/td>\n<td width=\"162\">11\/19<\/td>\n<td width=\"204\">Diell re shi<\/td>\n<\/tr>\n<tr>\n<td width=\"145\">Dib\u00ebr<\/td>\n<td width=\"162\">9\/17<\/td>\n<td width=\"204\">Diell re shi<\/td>\n<\/tr>\n<tr>\n<td width=\"145\">Durr\u00ebs<\/td>\n<td width=\"162\">14\/25<\/td>\n<td width=\"204\">Diell re shi<\/td>\n<\/tr>\n<tr>\n<td width=\"145\">Tiran\u00eb<\/td>\n<td width=\"162\">14\/25<\/td>\n<td width=\"204\">Diell re shi<\/td>\n<\/tr>\n<tr>\n<td width=\"145\">Elbasan<\/td>\n<td width=\"162\">14\/23<\/td>\n<td width=\"204\">Diell re shi<\/td>\n<\/tr>\n<tr>\n<td width=\"145\">Berat<\/td>\n<td width=\"162\">13\/25<\/td>\n<td width=\"204\">Diell re<\/td>\n<\/tr>\n<tr>\n<td width=\"145\">Vlor\u00eb<\/td>\n<td width=\"162\">14\/24<\/td>\n<td width=\"204\">Diell re<\/td>\n<\/tr>\n<tr>\n<td width=\"145\">Kor\u00e7\u00eb<\/td>\n<td width=\"162\">10\/21<\/td>\n<td width=\"204\">Diell re<\/td>\n<\/tr>\n<tr>\n<td width=\"145\">Gjirokast\u00ebr<\/td>\n<td width=\"162\">11\/20<\/td>\n<td width=\"204\">Diell re<\/td>\n<\/tr>\n<tr>\n<td width=\"145\">Sarand\u00eb<\/td>\n<td width=\"162\">15\/23<\/td>\n<td width=\"204\">Diell re shi<\/td>\n<\/tr>\n<\/tbody>\n<\/table>\n","protected":false},"excerpt":{"rendered":"<p>P\u00ebr dit\u00ebn e enjte vendi do t\u00eb ndikohet nga kushte atmosferike relativisht t\u00eb paq\u00ebndrueshme, njofton Sh\u00ebrbimi Meteorologjik Ushtarak. Moti parashikohet me kthjellime dhe alternime vran\u00ebsirash mesatare gjat\u00eb mesdit\u00ebs dhe pasdites. Vran\u00ebsirat do t\u00eb shoq\u00ebrohen me reshje shiu t\u00eb her\u00ebpashershme me intensitet t\u00eb ul\u00ebt n\u00eb zon\u00ebn e veriper\u00ebndimit dhe jugut n\u00eb or\u00ebt e m\u00ebngjesit. Gjat\u00eb dit\u00ebs [&hellip;]<\/p>\n","protected":false},"author":5,"featured_media":53315,"comment_status":"closed","ping_status":"closed","sticky":false,"template":"","format":"standard","meta":{"footnotes":""},"categories":[7650,6332,29228],"tags":[32413,20148],"class_list":{"0":"post-92591","1":"post","2":"type-post","3":"status-publish","4":"format-standard","5":"has-post-thumbnail","7":"category-moti","8":"category-te-fundit","9":"category-vendi","10":"tag-ja-temperaturat","11":"tag-parashikimi-i-motit-per-sot"},"_links":{"self":[{"href":"https:\/\/jugulajm.net\/index.php?rest_route=\/wp\/v2\/posts\/92591","targetHints":{"allow":["GET"]}}],"collection":[{"href":"https:\/\/jugulajm.net\/index.php?rest_route=\/wp\/v2\/posts"}],"about":[{"href":"https:\/\/jugulajm.net\/index.php?rest_route=\/wp\/v2\/types\/post"}],"author":[{"embeddable":true,"href":"https:\/\/jugulajm.net\/index.php?rest_route=\/wp\/v2\/users\/5"}],"replies":[{"embeddable":true,"href":"https:\/\/jugulajm.net\/index.php?rest_route=%2Fwp%2Fv2%2Fcomments&post=92591"}],"version-history":[{"count":1,"href":"https:\/\/jugulajm.net\/index.php?rest_route=\/wp\/v2\/posts\/92591\/revisions"}],"predecessor-version":[{"id":92592,"href":"https:\/\/jugulajm.net\/index.php?rest_route=\/wp\/v2\/posts\/92591\/revisions\/92592"}],"wp:featuredmedia":[{"embeddable":true,"href":"https:\/\/jugulajm.net\/index.php?rest_route=\/wp\/v2\/media\/53315"}],"wp:attachment":[{"href":"https:\/\/jugulajm.net\/index.php?rest_route=%2Fwp%2Fv2%2Fmedia&parent=92591"}],"wp:term":[{"taxonomy":"category","embeddable":true,"href":"https:\/\/jugulajm.net\/index.php?rest_route=%2Fwp%2Fv2%2Fcategories&post=92591"},{"taxonomy":"post_tag","embeddable":true,"href":"https:\/\/jugulajm.net\/index.php?rest_route=%2Fwp%2Fv2%2Ftags&post=92591"}],"curies":[{"name":"wp","href":"https:\/\/api.w.org\/{rel}","templated":true}]}}