{"id":92572,"date":"2025-10-22T12:05:29","date_gmt":"2025-10-22T10:05:29","guid":{"rendered":"https:\/\/jugulajm.net\/?p=92572"},"modified":"2025-10-22T12:05:29","modified_gmt":"2025-10-22T10:05:29","slug":"nena-35-vjecare-e-2-femijeve-te-mitur-largohet-nga-banesa-bashkeshorti-denoncon-dhe-kerkon-ndihmen-e-policise","status":"publish","type":"post","link":"https:\/\/jugulajm.net\/?p=92572","title":{"rendered":"N\u00ebna 35-vje\u00e7are e 2 f\u00ebmij\u00ebve t\u00eb mitur largohet nga banesa, bashk\u00ebshorti denoncon dhe k\u00ebrkon ndihm\u00ebn e Policis\u00eb"},"content":{"rendered":"<p>Nj\u00eb n\u00ebn\u00eb 35-vje\u00e7are \u00ebsht\u00eb larguar nga banesa n\u00eb drejtim t\u00eb paditur, kurse bashk\u00ebshorti i saj b\u00ebri denoncim dhe k\u00ebrkoi ndihm\u00ebn e Policis\u00eb p\u00ebr gjetjen, pasi gruaja kishte braktisur edhe 2 f\u00ebmij\u00ebt e mitur.<\/p>\n<p>Burime zyrtare nga Policia e Devollit b\u00ebn\u00eb me dije se ngjarja ka ndodhur n\u00eb fshatin Miras dhe tashm\u00eb kan\u00eb nisur k\u00ebrkimet p\u00ebr gjetjen e n\u00ebn\u00ebs s\u00eb dy f\u00ebmij\u00ebve.<\/p>\n<p>Largimi n\u00eb motive dhe rrethana ende t\u00eb paqarta, ka ndodhur dy dit\u00eb m\u00eb par\u00eb.<\/p>\n<p>Nuk jepen detaje p\u00ebr dinamik\u00ebn, n\u00ebse mes bashk\u00ebshort\u00ebve ka pasur grindje para momentit t\u00eb largimit t\u00eb 35-vje\u00e7ares apo ka motive t\u00eb tjera.<\/p>\n<p><em>\u201cN\u00eb Komisariatin e Policis\u00eb Devoll ka kall\u00ebzuar shtetasi P. K., 41 vje\u00e7, banues n\u00eb fshatin Miras, se prej dat\u00ebs 20 tetor, \u00ebsht\u00eb larguar nga banesa, bashk\u00ebshortja e tij, shtetasja I. K., 35 vje\u00e7e, e cila ka braktisur 2 f\u00ebmij\u00ebt e tyre t\u00eb mitur. Po punohet p\u00ebr gjetjen e saj\u201d<\/em>, njofton policia.<\/p>\n","protected":false},"excerpt":{"rendered":"<p>Nj\u00eb n\u00ebn\u00eb 35-vje\u00e7are \u00ebsht\u00eb larguar nga banesa n\u00eb drejtim t\u00eb paditur, kurse bashk\u00ebshorti i saj b\u00ebri denoncim dhe k\u00ebrkoi ndihm\u00ebn e Policis\u00eb p\u00ebr gjetjen, pasi gruaja kishte braktisur edhe 2 f\u00ebmij\u00ebt e mitur. Burime zyrtare nga Policia e Devollit b\u00ebn\u00eb me dije se ngjarja ka ndodhur n\u00eb fshatin Miras dhe tashm\u00eb kan\u00eb nisur k\u00ebrkimet p\u00ebr [&hellip;]<\/p>\n","protected":false},"author":5,"featured_media":63723,"comment_status":"closed","ping_status":"closed","sticky":false,"template":"","format":"standard","meta":{"footnotes":""},"categories":[1,6332,29228],"tags":[38666,38665],"class_list":{"0":"post-92572","1":"post","2":"type-post","3":"status-publish","4":"format-standard","5":"has-post-thumbnail","7":"category-aktualitet","8":"category-te-fundit","9":"category-vendi","10":"tag-bashkeshorti-denoncon-dhe-kerkon-ndihmen-e-policise","11":"tag-nena-35-vjecare-e-2-femijeve-te-mitur-largohet-nga-banesa"},"_links":{"self":[{"href":"https:\/\/jugulajm.net\/index.php?rest_route=\/wp\/v2\/posts\/92572","targetHints":{"allow":["GET"]}}],"collection":[{"href":"https:\/\/jugulajm.net\/index.php?rest_route=\/wp\/v2\/posts"}],"about":[{"href":"https:\/\/jugulajm.net\/index.php?rest_route=\/wp\/v2\/types\/post"}],"author":[{"embeddable":true,"href":"https:\/\/jugulajm.net\/index.php?rest_route=\/wp\/v2\/users\/5"}],"replies":[{"embeddable":true,"href":"https:\/\/jugulajm.net\/index.php?rest_route=%2Fwp%2Fv2%2Fcomments&post=92572"}],"version-history":[{"count":1,"href":"https:\/\/jugulajm.net\/index.php?rest_route=\/wp\/v2\/posts\/92572\/revisions"}],"predecessor-version":[{"id":92573,"href":"https:\/\/jugulajm.net\/index.php?rest_route=\/wp\/v2\/posts\/92572\/revisions\/92573"}],"wp:featuredmedia":[{"embeddable":true,"href":"https:\/\/jugulajm.net\/index.php?rest_route=\/wp\/v2\/media\/63723"}],"wp:attachment":[{"href":"https:\/\/jugulajm.net\/index.php?rest_route=%2Fwp%2Fv2%2Fmedia&parent=92572"}],"wp:term":[{"taxonomy":"category","embeddable":true,"href":"https:\/\/jugulajm.net\/index.php?rest_route=%2Fwp%2Fv2%2Fcategories&post=92572"},{"taxonomy":"post_tag","embeddable":true,"href":"https:\/\/jugulajm.net\/index.php?rest_route=%2Fwp%2Fv2%2Ftags&post=92572"}],"curies":[{"name":"wp","href":"https:\/\/api.w.org\/{rel}","templated":true}]}}